{"id":59710,"date":"2025-03-13T00:32:17","date_gmt":"2025-03-13T00:32:17","guid":{"rendered":"https:\/\/lahora.mx\/?p=59710"},"modified":"2025-03-13T00:32:17","modified_gmt":"2025-03-13T00:32:17","slug":"administracion-primera-facultad-de-cu-con-interes-en-regreso-a-clases","status":"publish","type":"post","link":"https:\/\/lahora.mx\/index.php\/2025\/03\/13\/administracion-primera-facultad-de-cu-con-interes-en-regreso-a-clases\/","title":{"rendered":"Administraci\u00f3n, primera facultad de CU con inter\u00e9s en regreso a clases"},"content":{"rendered":"\n<p>A tres semanas del inicio del&nbsp;<strong>paro estudiantil<\/strong>&nbsp;en la&nbsp;<strong>Benem\u00e9rita Universidad Aut\u00f3noma de Puebla (BUAP)<\/strong>la&nbsp;<strong>Facultad de Administraci\u00f3n<\/strong>&nbsp;se ha convertido en la primera unidad acad\u00e9mica dentro de&nbsp;<strong>Ciudad Universitaria<\/strong>&nbsp;en manifestar su inter\u00e9s por retomar las clases presenciales.<\/p>\n\n\n\n<p>Durante la\u00a0<strong>segunda asamblea<\/strong>\u00a0con\u00a0<strong>autoridades universitarias<\/strong>, los\u00a0estudiantes en paro\u00a0expresaron que la\u00a0<strong>suspensi\u00f3n de actividades<\/strong>, lejos de beneficiarlos, ha afectado su proceso de formaci\u00f3n acad\u00e9mica.<\/p>\n\n\n\n<p>Ante esta situaci\u00f3n, se prev\u00e9 la realizaci\u00f3n de una&nbsp;<strong>tercera reuni\u00f3n<\/strong>&nbsp;en los pr\u00f3ximos d\u00edas para continuar con las negociaciones.<\/p>\n\n\n\n<h2 class=\"wp-block-heading\"><strong>Di\u00e1logo con preparatorias y nuevas entregas de pliegos petitorios<\/strong><br>Este mi\u00e9rcoles, se llev\u00f3 a cabo la&nbsp;<strong>primera asamblea<\/strong>&nbsp;entre estudiantes de las&nbsp;<strong>preparatorias de la BUAP<\/strong>&nbsp;y la&nbsp;<strong>Comisi\u00f3n Institucional de Di\u00e1logo<\/strong>&nbsp;en la zona de la&nbsp;<strong>Puerta 15 de CU<\/strong>.<\/h2>\n\n\n\n<p>En este encuentro, los\u00a0<strong>alumnos<\/strong>\u00a0expusieron sus necesidades y demandas\u00a0ante las\u00a0<strong>autoridades universitarias<\/strong>.<\/p>\n\n\n\n<p>El vicerrector de Docencia,&nbsp;<strong>Jaime V\u00e1zquez<\/strong>, reiter\u00f3 su respaldo a los estudiantes y solicit\u00f3 tiempo para revisar cada una de las peticiones con el fin de alcanzar&nbsp;<strong>acuerdos favorables<\/strong>&nbsp;para ambas partes.<\/p>\n\n\n\n<p>Este mismo d\u00eda, alumnas de la\u00a0<strong>Licenciatura en Criminolog\u00eda<\/strong>hicieron entrega de su\u00a0<strong>pliego petitorio<\/strong>\u00a0y anunciaron que este jueves, a las 13:00 horas, sostendr\u00e1n su\u00a0<strong>primera asamblea<\/strong>\u00a0con la Comisi\u00f3n Institucional de Di\u00e1logo.<br>Por otro lado, la&nbsp;<strong>Facultad de Ciencias de la Computaci\u00f3n<\/strong>&nbsp;inform\u00f3 que tambi\u00e9n este jueves celebrar\u00e1 su primera asamblea en el&nbsp;<strong>Auditorio Albert Einstein<\/strong>&nbsp;a las 10:00 horas.<\/p>\n\n\n\n<p>Por la tarde, estudiantes de la\u00a0<strong>Facultad de Ingenier\u00eda Qu\u00edmica<\/strong>entregaron su\u00a0pliego petitorio\u00a0a personal administrativo en la puerta 13.<\/p>\n\n\n\n<p>Como parte del acuerdo alcanzado, se determin\u00f3&nbsp;<strong>suspender las clases en l\u00ednea<\/strong>&nbsp;hasta el pr\u00f3ximo mi\u00e9rcoles, adem\u00e1s de programar una asamblea el jueves para discutir el&nbsp;<strong>posible regreso a actividades presenciales<\/strong>.<\/p>\n\n\n\n<p><strong>La BUAP analiza 22 pliegos petitorios<\/strong><br>De acuerdo con el director de Docencia,\u00a0<strong>Jaime V\u00e1zquez<\/strong>, hasta el martes 11 de marzo la\u00a0<strong>BUAP<\/strong>\u00a0hab\u00eda recibido un total de 22pliegos petitorios\u00a0provenientes de diversas facultades y preparatorias, los cuales ya est\u00e1n siendo analizados.<\/p>\n\n\n\n<p>A trav\u00e9s de su p\u00e1gina oficial, la instituci\u00f3n dio a conocer que entre las unidades acad\u00e9micas que han entregado sus peticiones se encuentran:<\/p>\n\n\n\n<ul class=\"wp-block-list\">\n<li>Facultad de Administraci\u00f3n<\/li>\n\n\n\n<li>Facultad de Arquitectura<\/li>\n\n\n\n<li>Facultad de Artes Pl\u00e1sticas y Visuales<\/li>\n\n\n\n<li>Facultad de Ciencias Biol\u00f3gicas<\/li>\n\n\n\n<li>Facultad de Ciencias de la Computaci\u00f3n<\/li>\n\n\n\n<li>Facultad de Ciencias de la Electr\u00f3nica<\/li>\n\n\n\n<li>Facultad de Ciencias F\u00edsico-Matem\u00e1ticas<\/li>\n\n\n\n<li>Facultad de Ciencias Pol\u00edticas<\/li>\n\n\n\n<li>Facultad de Ciencias Qu\u00edmicas<\/li>\n\n\n\n<li>Facultad de Ciencias de la Comunicaci\u00f3n<\/li>\n\n\n\n<li>Facultad de Cultura F\u00edsica<\/li>\n\n\n\n<li>Facultad de Derecho<\/li>\n\n\n\n<li>Facultad de Econom\u00eda<\/li>\n\n\n\n<li>Facultad de Ingenier\u00eda<\/li>\n\n\n\n<li>Facultad de Ingenier\u00eda Qu\u00edmica<\/li>\n\n\n\n<li>Instituto de F\u00edsica<\/li>\n\n\n\n<li>Preparatoria Alfonso Calder\u00f3n Moreno<\/li>\n\n\n\n<li>Preparatoria Benito Ju\u00e1rez Garc\u00eda<\/li>\n\n\n\n<li>Preparatoria L\u00e1zaro C\u00e1rdenas del R\u00edo<\/li>\n\n\n\n<li>Preparatoria Enrique Cabrera Barroso<\/li>\n<\/ul>\n\n\n\n<p>Se espera que en los pr\u00f3ximos d\u00edas las&nbsp;<strong>facultades restantes<\/strong>presenten sus pliegos petitorios. Mientras tanto, el di\u00e1logo entre las autoridades y los estudiantes contin\u00faa en&nbsp;<strong>Ciudad Universitaria<\/strong>.&nbsp;<\/p>\n","protected":false},"excerpt":{"rendered":"<p>A tres semanas del inicio del&nbsp;paro estudiantil&nbsp;en la&nbsp;Benem\u00e9rita Universidad Aut\u00f3noma de Puebla (BUAP)la&nbsp;Facultad de Administraci\u00f3n&nbsp;se ha convertido en la primera unidad acad\u00e9mica dentro de&nbsp;Ciudad Universitaria&nbsp;en manifestar su inter\u00e9s por retomar las clases presenciales. Durante la\u00a0segunda asamblea\u00a0con\u00a0autoridades universitarias, los\u00a0estudiantes en paro\u00a0expresaron que la\u00a0suspensi\u00f3n de actividades, lejos de beneficiarlos, ha afectado su proceso de formaci\u00f3n acad\u00e9mica. Ante [&hellip;]<\/p>\n","protected":false},"author":4,"featured_media":59711,"comment_status":"open","ping_status":"open","sticky":false,"template":"","format":"standard","meta":{"om_disable_all_campaigns":false,"_monsterinsights_skip_tracking":false,"_monsterinsights_sitenote_active":false,"_monsterinsights_sitenote_note":"","_monsterinsights_sitenote_category":0,"footnotes":""},"categories":[175],"tags":[186,223],"class_list":["post-59710","post","type-post","status-publish","format-standard","has-post-thumbnail","hentry","category-local","tag-buap","tag-puebla"],"amp_enabled":true,"_links":{"self":[{"href":"https:\/\/lahora.mx\/index.php\/wp-json\/wp\/v2\/posts\/59710","targetHints":{"allow":["GET"]}}],"collection":[{"href":"https:\/\/lahora.mx\/index.php\/wp-json\/wp\/v2\/posts"}],"about":[{"href":"https:\/\/lahora.mx\/index.php\/wp-json\/wp\/v2\/types\/post"}],"author":[{"embeddable":true,"href":"https:\/\/lahora.mx\/index.php\/wp-json\/wp\/v2\/users\/4"}],"replies":[{"embeddable":true,"href":"https:\/\/lahora.mx\/index.php\/wp-json\/wp\/v2\/comments?post=59710"}],"version-history":[{"count":1,"href":"https:\/\/lahora.mx\/index.php\/wp-json\/wp\/v2\/posts\/59710\/revisions"}],"predecessor-version":[{"id":59712,"href":"https:\/\/lahora.mx\/index.php\/wp-json\/wp\/v2\/posts\/59710\/revisions\/59712"}],"wp:featuredmedia":[{"embeddable":true,"href":"https:\/\/lahora.mx\/index.php\/wp-json\/wp\/v2\/media\/59711"}],"wp:attachment":[{"href":"https:\/\/lahora.mx\/index.php\/wp-json\/wp\/v2\/media?parent=59710"}],"wp:term":[{"taxonomy":"category","embeddable":true,"href":"https:\/\/lahora.mx\/index.php\/wp-json\/wp\/v2\/categories?post=59710"},{"taxonomy":"post_tag","embeddable":true,"href":"https:\/\/lahora.mx\/index.php\/wp-json\/wp\/v2\/tags?post=59710"}],"curies":[{"name":"wp","href":"https:\/\/api.w.org\/{rel}","templated":true}]}}