{"id":59707,"date":"2025-03-13T00:25:56","date_gmt":"2025-03-13T00:25:56","guid":{"rendered":"https:\/\/lahora.mx\/?p=59707"},"modified":"2025-03-13T00:25:57","modified_gmt":"2025-03-13T00:25:57","slug":"aplazan-audiencia-por-feminicidio-de-cecilia-monzon","status":"publish","type":"post","link":"https:\/\/lahora.mx\/index.php\/2025\/03\/13\/aplazan-audiencia-por-feminicidio-de-cecilia-monzon\/","title":{"rendered":"Aplazan audiencia por feminicidio de Cecilia Monz\u00f3n"},"content":{"rendered":"\n<p>Tal y como lo hab\u00eda anticipado\u00a0<strong>la familia de\u00a0Cecilia Monz\u00f3n<\/strong>, la audiencia por el\u00a0<strong>feminicidio de la activista no se llev\u00f3 a cabo este 12 de marzo<\/strong>. El motivo:\u00a0<strong>el presunto autor material del crimen, Silvestre N.,<\/strong>\u00a0cambi\u00f3 de \u00faltima hora a\u00a0<strong>su defensa legal,<\/strong>\u00a0lo que deriv\u00f3 en que\u00a0<strong>el nuevo abogado solicitara m\u00e1s tiempo para prepararse.<\/strong>\u00a0Hay que recordar que este caso, alberga la participaci\u00f3n del ex candidato al gobierno de Puebla,\u00a0<strong>Javier N.,<\/strong>\u00a0y la audiencia\u00a0<strong>se reprogram\u00f3 para el viernes 4 de abril.<\/strong><\/p>\n\n\n\n<p><strong>Helena Monz\u00f3n, abogada y hermana de la v\u00edctima,<\/strong>&nbsp;expres\u00f3 su frustraci\u00f3n ante esta situaci\u00f3n, calificando&nbsp;<strong>el cambio de defensa como una t\u00e1ctica dilatoria premeditada<\/strong>&nbsp;por parte del equipo de Javier N. \u201cComo ya adelantaba,&nbsp;<strong>estamos frente a una estrategia para ganar tiempo<\/strong>. Lo que hicieron fue pedir un cambio de direcci\u00f3n en la defensa, y esto deriv\u00f3 en que&nbsp;<strong>el nuevo abogado pidiera m\u00e1s tiempo para estudiar el caso<\/strong>\u201d, lament\u00f3.<\/p>\n\n\n\n<p>La abogada de la familia, quien ha acompa\u00f1ado el caso desde su inicio, explic\u00f3 que\u00a0<strong>la defensa solicit\u00f3 un plazo de 60 d\u00edas adicionales<\/strong>\u00a0para prepararse para la nueva audiencia. Sin embargo, en su opini\u00f3n,\u00a0<strong>este pedido no es m\u00e1s que un intento de prolongar el proceso.<\/strong> <br><strong><em>\u201cLa jugada no les ha salido como quer\u00edan. La jueza ha dictado que se otorgue ese tiempo, porque por normativa debe hacerse, pero no ser\u00e1n 60 d\u00edas. El Ministerio P\u00fablico y nuestra representaci\u00f3n legal lograron que la nueva fecha fuera el 4 de abril\u201d<\/em><\/strong>, se\u00f1al\u00f3 Helena.&nbsp;<strong><em>\u201cEstaremos presentes ese d\u00eda, exigiendo justicia por Cecilia\u201d<\/em><\/strong>, agreg\u00f3.&nbsp;<\/p>\n\n\n\n<p>La hermana de la v\u00edctima tambi\u00e9n hizo un&nbsp;<strong>llamado a las autoridades para frenar la revictimizaci\u00f3n de su familia<\/strong>, exigiendo que el Estado Mexicano cumpla con&nbsp;<strong>su obligaci\u00f3n de garantizar que las v\u00edctimas no sigan siendo sometidas a abusos del sistema<\/strong>. \u201cLa justicia tiene que ser pronta y expedita\u201d, concluy\u00f3.<\/p>\n\n\n\n<p>Helena agradeci\u00f3 a las mujeres que, en solidaridad con la familia Monz\u00f3n,&nbsp;<strong>se manifestaron este d\u00eda frente al Centro de Reinserci\u00f3n Social (CERESO) de San Miguel<\/strong>, exigiendo que el caso no se retrase m\u00e1s y que&nbsp;<strong>Javier N., Silvestre N., y Jair N., tengan sentencias m\u00e1ximas.&nbsp;<\/strong><\/p>\n\n\n\n<p>Un d\u00eda antes del aplazamiento,\u00a0<strong>Helena hab\u00eda advertido sobre la posibilidad de que ocurriera esta dilataci\u00f3n,<\/strong>\u00a0pero confiaba en que no se materializar\u00eda. En ese momento,\u00a0<strong>tambi\u00e9n hizo un llamado a las autoridades<\/strong>\u00a0para que no permitieran m\u00e1s aplazamientos en el juicio oral.<a href=\"https:\/\/oem.com.mx\/elsoldepuebla\/local\/caso-cecilia-monzon-definiran-en-audiencia-si-javier-n-es-juzgado-en-puebla-por-feminicidio-21843089\"><a href=\"https:\/\/oem.com.mx\/elsoldepuebla\/local\/caso-cecilia-monzon-definiran-en-audiencia-si-javier-n-es-juzgado-en-puebla-por-feminicidio-21843089\"><\/p>\n\n\n\n<p>La reprogramaci\u00f3n de la audiencia se ha convertido en&nbsp;<strong>un nuevo desaf\u00edo para la familia Monz\u00f3n,&nbsp;<\/strong>que contin\u00faa luchando por justicia en un caso que, seg\u00fan sus representantes legales,&nbsp;<strong>ha estado marcado por m\u00faltiples obst\u00e1culos y t\u00e1cticas dilatorias<\/strong>&nbsp;desde el inicio.<\/p>\n","protected":false},"excerpt":{"rendered":"<p>Tal y como lo hab\u00eda anticipado\u00a0la familia de\u00a0Cecilia Monz\u00f3n, la audiencia por el\u00a0feminicidio de la activista no se llev\u00f3 a cabo este 12 de marzo. El motivo:\u00a0el presunto autor material del crimen, Silvestre N.,\u00a0cambi\u00f3 de \u00faltima hora a\u00a0su defensa legal,\u00a0lo que deriv\u00f3 en que\u00a0el nuevo abogado solicitara m\u00e1s tiempo para prepararse.\u00a0Hay que recordar que este [&hellip;]<\/p>\n","protected":false},"author":4,"featured_media":59708,"comment_status":"open","ping_status":"open","sticky":false,"template":"","format":"standard","meta":{"om_disable_all_campaigns":false,"_monsterinsights_skip_tracking":false,"_monsterinsights_sitenote_active":false,"_monsterinsights_sitenote_note":"","_monsterinsights_sitenote_category":0,"footnotes":""},"categories":[175,226],"tags":[195,223],"class_list":["post-59707","post","type-post","status-publish","format-standard","has-post-thumbnail","hentry","category-local","category-policia","tag-principal","tag-puebla"],"amp_enabled":true,"_links":{"self":[{"href":"https:\/\/lahora.mx\/index.php\/wp-json\/wp\/v2\/posts\/59707","targetHints":{"allow":["GET"]}}],"collection":[{"href":"https:\/\/lahora.mx\/index.php\/wp-json\/wp\/v2\/posts"}],"about":[{"href":"https:\/\/lahora.mx\/index.php\/wp-json\/wp\/v2\/types\/post"}],"author":[{"embeddable":true,"href":"https:\/\/lahora.mx\/index.php\/wp-json\/wp\/v2\/users\/4"}],"replies":[{"embeddable":true,"href":"https:\/\/lahora.mx\/index.php\/wp-json\/wp\/v2\/comments?post=59707"}],"version-history":[{"count":1,"href":"https:\/\/lahora.mx\/index.php\/wp-json\/wp\/v2\/posts\/59707\/revisions"}],"predecessor-version":[{"id":59709,"href":"https:\/\/lahora.mx\/index.php\/wp-json\/wp\/v2\/posts\/59707\/revisions\/59709"}],"wp:featuredmedia":[{"embeddable":true,"href":"https:\/\/lahora.mx\/index.php\/wp-json\/wp\/v2\/media\/59708"}],"wp:attachment":[{"href":"https:\/\/lahora.mx\/index.php\/wp-json\/wp\/v2\/media?parent=59707"}],"wp:term":[{"taxonomy":"category","embeddable":true,"href":"https:\/\/lahora.mx\/index.php\/wp-json\/wp\/v2\/categories?post=59707"},{"taxonomy":"post_tag","embeddable":true,"href":"https:\/\/lahora.mx\/index.php\/wp-json\/wp\/v2\/tags?post=59707"}],"curies":[{"name":"wp","href":"https:\/\/api.w.org\/{rel}","templated":true}]}}