{"id":59701,"date":"2025-03-12T23:38:34","date_gmt":"2025-03-12T23:38:34","guid":{"rendered":"https:\/\/lahora.mx\/?p=59701"},"modified":"2025-03-12T23:38:35","modified_gmt":"2025-03-12T23:38:35","slug":"celebran-su-cumpleanos-de-don-goyo-con-ofrendas-y-suplicas-por-la-abundancia-agricola","status":"publish","type":"post","link":"https:\/\/lahora.mx\/index.php\/2025\/03\/12\/celebran-su-cumpleanos-de-don-goyo-con-ofrendas-y-suplicas-por-la-abundancia-agricola\/","title":{"rendered":"Celebran su cumplea\u00f1os de Don Goyo con ofrendas y s\u00faplicas por la abundancia agr\u00edcola"},"content":{"rendered":"\n<p>Como dicta la tradici\u00f3n prehisp\u00e1nica, cada\u00a0<strong>12 de marzo<\/strong>, los\u00a0<strong>habitantes de comunidades cercanas al\u00a0Popocat\u00e9petl acostumbraban subir al volc\u00e1n y celebrar el cumplea\u00f1os de Don Goyo<\/strong>, un guardi\u00e1n que debe ser\u00a0<strong>venerado para asegurar la fertilidad de la tierra y la armon\u00eda con la naturaleza.<\/strong><\/p>\n\n\n\n<p>Antes de que salga el sol, algunos pobladores de&nbsp;<strong>Santiago Xalitzintla,&nbsp;<\/strong>as\u00ed como de diferentes partes de la entidad e incluso internacionales, se congregan en la casa del tiempero&nbsp;<strong>Antonio Analco Sevilla,<\/strong>&nbsp;quien desde los seis a\u00f1os, asegura, habla con el volc\u00e1n.<\/p>\n\n\n\n<p>Las personas llegan con\u00a0<strong>bolsas de fruta, canastas de flores y bebidas. Tambi\u00e9n copales, incienso, sahumerio, caracoles y otros elementos prehisp\u00e1nicos<\/strong>\u00a0que se usar\u00e1n para ofrendarlo.<br><br>Cuando los rayos del sol se comienzan a asomar, el&nbsp;<strong>sonido del caracol prehisp\u00e1nico se hace presente e inunda las calles de la comunidad de Xalitzintla.<\/strong>&nbsp;Es el llamado para comenzar la caminata hacia las faldas del volc\u00e1n.&nbsp;<\/p>\n\n\n\n<p>Previo a esto, las personas cercanas al tiempero<strong>&nbsp;hacen un ritual prehisp\u00e1nico para pedir permiso a los elementos de la naturaleza para realizar la caminata<\/strong>&nbsp;de forma segura.&nbsp;<\/p>\n\n\n\n<p><q>Pedimos permiso a nombre de los corazones que nos encontramos aqu\u00ed presentes, que nos d\u00e9 la oportunidad y las bendiciones de ir con el abuelo Don Goyo<\/q>dicen al comp\u00e1s del sonido de elementos naturales.<br>Un largo camino rumbo a lo m\u00e1s cercano del volc\u00e1n<\/p>\n\n\n\n<p>Luego de terminar el ritual, comienza la traves\u00eda; aunque\u00a0<strong>la cima ya no es accesible, se llega a lo m\u00e1s cercano del volc\u00e1n.<\/strong><a href=\"https:\/\/oem.com.mx\/elsoldepuebla\/local\/parque-nacional-izta-popo-aventura-y-conservacion-en-un-paisaje-imponente-21878767\"><a href=\"https:\/\/oem.com.mx\/elsoldepuebla\/local\/parque-nacional-izta-popo-aventura-y-conservacion-en-un-paisaje-imponente-21878767\"><\/p>\n\n\n\n<p>Cada paso es una prueba de resistencia:&nbsp;<strong>el aire se vuelve m\u00e1s delgado, el calor se empieza a hacer presente y el cuerpo reclama ox\u00edgeno<\/strong>. El&nbsp;<strong>trayecto se vuelve m\u00e1s inc\u00f3modo para aquellos que deciden hacerlo sin zapatos<\/strong>, pues las piedras de la terracer\u00eda se entierran casi en cada paso que se da.&nbsp;<\/p>\n\n\n\n<p>La&nbsp;<strong>quietud de la zona se irrumpe con el ruido de los pasos de las personas y los c\u00e1nticos que se hacen presentes<\/strong>, mismos que se intensifican cada vez que Don Goyo se deja ver con mayor claridad.<\/p>\n\n\n\n<p>Despu\u00e9s de casi una hora de caminata, un campo de cultivo ubicado frente al gigante humeante se convierte en el escenario ideal para<strong>&nbsp;llevar la ofrenda, la misa y cantar \u201cLas Ma\u00f1anitas\u201d<\/strong>, todo dirigido por Antonio Analco.<\/p>\n\n\n\n<p>Un \u00e1rbol que apenas est\u00e1 creciendo es seleccionado para colocar los alimentos. El&nbsp;<strong>tiempero es el encargado de limpiar la zona para quitar la tierra y hierbas crecidas;&nbsp;<\/strong>posteriormente se colocan los elementos.<\/p>\n\n\n\n<p>Cada alimento se ofrece a la naturaleza.<strong>&nbsp;Algunas frutas se abren para que su olor se disperse por la zona, otras se mantienen cerradas.<\/strong>&nbsp;<\/p>\n\n\n\n<p><q>Don Goyo, recibe la ofrenda que te traemos y lo compartes con tus amigos que quedaron en la tierra, como a ti te dejaron<\/q>dice en cada elevaci\u00f3n de alimento que se ofrece a Don Goyo.<br>Posteriormente,<strong>&nbsp;una vela se coloca frente a la ofrenda para orar, agradecer y puntualmente pedir por un a\u00f1o f\u00e9rtil para la tierra,<\/strong>&nbsp;que exista&nbsp;abundante lluvia para permitir la cosecha.&nbsp;<\/p>\n\n\n\n<p>Recuerda que el a\u00f1o pasado no fue favorable, pues&nbsp;<strong>muchos campos de cultivo se vieron afectados por la intensa ola de calor<\/strong>, dejando a los campesinos sin ingresos suficientes y con p\u00e9rdidas econ\u00f3micas.&nbsp;<\/p>\n\n\n\n<p><q>Con el permiso de nuestros guardianes, Popocat\u00e9petl e Iztacc\u00edhuatl, les pedimos que hagan abundante y amoroso este temporal. Que los que cosechan la tierra reciban abundante alimento, que sus canastas est\u00e9n llenas de amor<\/q>pide con fervor.<br><\/p>\n","protected":false},"excerpt":{"rendered":"<p>Como dicta la tradici\u00f3n prehisp\u00e1nica, cada\u00a012 de marzo, los\u00a0habitantes de comunidades cercanas al\u00a0Popocat\u00e9petl acostumbraban subir al volc\u00e1n y celebrar el cumplea\u00f1os de Don Goyo, un guardi\u00e1n que debe ser\u00a0venerado para asegurar la fertilidad de la tierra y la armon\u00eda con la naturaleza. Antes de que salga el sol, algunos pobladores de&nbsp;Santiago Xalitzintla,&nbsp;as\u00ed como de diferentes [&hellip;]<\/p>\n","protected":false},"author":4,"featured_media":59702,"comment_status":"open","ping_status":"open","sticky":false,"template":"","format":"standard","meta":{"om_disable_all_campaigns":false,"_monsterinsights_skip_tracking":false,"_monsterinsights_sitenote_active":false,"_monsterinsights_sitenote_note":"","_monsterinsights_sitenote_category":0,"footnotes":""},"categories":[175],"tags":[223],"class_list":["post-59701","post","type-post","status-publish","format-standard","has-post-thumbnail","hentry","category-local","tag-puebla"],"amp_enabled":true,"_links":{"self":[{"href":"https:\/\/lahora.mx\/index.php\/wp-json\/wp\/v2\/posts\/59701","targetHints":{"allow":["GET"]}}],"collection":[{"href":"https:\/\/lahora.mx\/index.php\/wp-json\/wp\/v2\/posts"}],"about":[{"href":"https:\/\/lahora.mx\/index.php\/wp-json\/wp\/v2\/types\/post"}],"author":[{"embeddable":true,"href":"https:\/\/lahora.mx\/index.php\/wp-json\/wp\/v2\/users\/4"}],"replies":[{"embeddable":true,"href":"https:\/\/lahora.mx\/index.php\/wp-json\/wp\/v2\/comments?post=59701"}],"version-history":[{"count":1,"href":"https:\/\/lahora.mx\/index.php\/wp-json\/wp\/v2\/posts\/59701\/revisions"}],"predecessor-version":[{"id":59703,"href":"https:\/\/lahora.mx\/index.php\/wp-json\/wp\/v2\/posts\/59701\/revisions\/59703"}],"wp:featuredmedia":[{"embeddable":true,"href":"https:\/\/lahora.mx\/index.php\/wp-json\/wp\/v2\/media\/59702"}],"wp:attachment":[{"href":"https:\/\/lahora.mx\/index.php\/wp-json\/wp\/v2\/media?parent=59701"}],"wp:term":[{"taxonomy":"category","embeddable":true,"href":"https:\/\/lahora.mx\/index.php\/wp-json\/wp\/v2\/categories?post=59701"},{"taxonomy":"post_tag","embeddable":true,"href":"https:\/\/lahora.mx\/index.php\/wp-json\/wp\/v2\/tags?post=59701"}],"curies":[{"name":"wp","href":"https:\/\/api.w.org\/{rel}","templated":true}]}}