{"id":59694,"date":"2025-03-12T18:12:01","date_gmt":"2025-03-12T18:12:01","guid":{"rendered":"https:\/\/lahora.mx\/?p=59694"},"modified":"2025-03-12T18:12:02","modified_gmt":"2025-03-12T18:12:02","slug":"alejandro-armenta-gobierno-no-liberara-a-delincuentes-aunque-hagan-marchas","status":"publish","type":"post","link":"https:\/\/lahora.mx\/index.php\/2025\/03\/12\/alejandro-armenta-gobierno-no-liberara-a-delincuentes-aunque-hagan-marchas\/","title":{"rendered":"Alejandro Armenta: gobierno no liberar\u00e1 a delincuentes, aunque hagan marchas"},"content":{"rendered":"\n<p>El mandatario estatal,\u00a0<strong>Alejandro Armenta,<\/strong>\u00a0asegur\u00f3 que su gobierno\u00a0<strong>no liberar\u00e1 a delincuentes<\/strong>\u00a0\u201csin importar cu\u00e1ntas marchas hagan\u201d, en respuesta a quienes exigen la\u00a0<strong>liberaci\u00f3n de los alcaldes de Ciudad Serd\u00e1n y Tlachichuca<\/strong>, as\u00ed como de un integrante de la\u00a0<strong>UPVA 28 de Octubre,<\/strong>\u00a0detenido en\u00a0Azumiatla.<\/p>\n\n\n\n<p>Durante su conferencia matutina de hoy, enfatiz\u00f3 que&nbsp;<strong>\u201cestoy curtido\u201d<\/strong>&nbsp;por su experiencia pol\u00edtica e historia&nbsp;<strong>enfrentando protestas sociales<\/strong>, as\u00ed como por su mandato popular al haber recibido&nbsp;<strong>\u201cel voto de dos millones de poblanos\u201d<\/strong>.<\/p>\n\n\n\n<p>El\u00a0<strong>gobernador<\/strong>\u00a0<strong>Alejandro Armenta<\/strong>\u00a0puntualiz\u00f3 que su gobierno reconoce el\u00a0<strong>derecho a la libertad de expresi\u00f3n<\/strong>\u00a0y a las protestas, pero hizo\u00a0<strong>\u00e9nfasis<\/strong>\u00a0en que ninguna\u00a0<strong>marcha<\/strong>\u00a0servir\u00e1 para lograr la\u00a0liberaci\u00f3n de\u00a0<strong>\u201cpersonas que hayan cometido delitos\u201d.<\/strong><br>As\u00ed se pronunci\u00f3 sobre la\u00a0<strong>manifestaci\u00f3n<\/strong>\u00a0realizada por\u00a0<strong>pobladores<\/strong>\u00a0que ayer bloquearon el\u00a0<strong>Congreso del Estado<\/strong>\u00a0para\u00a0<strong>exigir la liberaci\u00f3n<\/strong>\u00a0de los\u00a0<strong>hermanos<\/strong>\u00a0y presidentes municipales\u00a0Uruviel y Giovanni Gonz\u00e1lez Vieyra, impidiendo por cerca de\u00a0<strong>10 horas la salida<\/strong>\u00a0de quienes all\u00ed se encontraban.<\/p>\n\n\n\n<p>El mandatario estatal tambi\u00e9n se refiri\u00f3 al&nbsp;<strong>\u201cintegrante de una organizaci\u00f3n\u201d<\/strong>&nbsp;que fue&nbsp;<strong>detenido<\/strong>&nbsp;en la junta auxiliar de&nbsp;<strong>San Andr\u00e9s Azumiatla<\/strong>, en Puebla capital, tras participar en una&nbsp;<strong>ri\u00f1a entre conductores del transporte p\u00fablico<\/strong>, en la cual una persona perdi\u00f3 la vida.<\/p>\n\n\n\n<p>Sin referirse directamente a la&nbsp;<strong>UPVA 28 de Octubre<\/strong>, a la cual&nbsp;<strong>el detenido pertenece<\/strong>, el gobernador&nbsp;<strong>Alejandro Armenta<\/strong>&nbsp;se\u00f1al\u00f3 que&nbsp;<strong>\u201cno hay nada que negociar<\/strong>&nbsp;con una organizaci\u00f3n para&nbsp;<strong>liberar a un delincuente<\/strong>, cuando el delincuente mat\u00f3 a una persona\u201d.<\/p>\n\n\n\n<p>Finalmente,&nbsp;<strong>Alejandro Armenta<\/strong>&nbsp;volvi\u00f3 a&nbsp;<strong>exigir a&nbsp;<a href=\"https:\/\/www.e-consulta.com\/nota\/2025-03-10\/educacion\/armenta-exige-antorcha-campesina-salir-del-paro-en-la-buap\" target=\"_blank\" rel=\"noreferrer noopener\">Antorcha Campesina<\/a><\/strong>&nbsp;que se retire del&nbsp;<strong>conflicto interno en la BUAP<\/strong>, asegurando que dicha organizaci\u00f3n busca convertir a la universidad en otra \u201cfranquicia\u201d, tal como los&nbsp;<strong>negocios<\/strong>&nbsp;en los que actualmente participan en la construcci\u00f3n,&nbsp;<strong>transporte p\u00fablico<\/strong>&nbsp;y otras \u00e1reas.&nbsp;<\/p>\n","protected":false},"excerpt":{"rendered":"<p>El mandatario estatal,\u00a0Alejandro Armenta,\u00a0asegur\u00f3 que su gobierno\u00a0no liberar\u00e1 a delincuentes\u00a0\u201csin importar cu\u00e1ntas marchas hagan\u201d, en respuesta a quienes exigen la\u00a0liberaci\u00f3n de los alcaldes de Ciudad Serd\u00e1n y Tlachichuca, as\u00ed como de un integrante de la\u00a0UPVA 28 de Octubre,\u00a0detenido en\u00a0Azumiatla. Durante su conferencia matutina de hoy, enfatiz\u00f3 que&nbsp;\u201cestoy curtido\u201d&nbsp;por su experiencia pol\u00edtica e historia&nbsp;enfrentando protestas sociales, [&hellip;]<\/p>\n","protected":false},"author":4,"featured_media":59695,"comment_status":"open","ping_status":"open","sticky":false,"template":"","format":"standard","meta":{"om_disable_all_campaigns":false,"_monsterinsights_skip_tracking":false,"_monsterinsights_sitenote_active":false,"_monsterinsights_sitenote_note":"","_monsterinsights_sitenote_category":0,"footnotes":""},"categories":[175],"tags":[239,223],"class_list":["post-59694","post","type-post","status-publish","format-standard","has-post-thumbnail","hentry","category-local","tag-gobierno","tag-puebla"],"amp_enabled":true,"_links":{"self":[{"href":"https:\/\/lahora.mx\/index.php\/wp-json\/wp\/v2\/posts\/59694","targetHints":{"allow":["GET"]}}],"collection":[{"href":"https:\/\/lahora.mx\/index.php\/wp-json\/wp\/v2\/posts"}],"about":[{"href":"https:\/\/lahora.mx\/index.php\/wp-json\/wp\/v2\/types\/post"}],"author":[{"embeddable":true,"href":"https:\/\/lahora.mx\/index.php\/wp-json\/wp\/v2\/users\/4"}],"replies":[{"embeddable":true,"href":"https:\/\/lahora.mx\/index.php\/wp-json\/wp\/v2\/comments?post=59694"}],"version-history":[{"count":1,"href":"https:\/\/lahora.mx\/index.php\/wp-json\/wp\/v2\/posts\/59694\/revisions"}],"predecessor-version":[{"id":59696,"href":"https:\/\/lahora.mx\/index.php\/wp-json\/wp\/v2\/posts\/59694\/revisions\/59696"}],"wp:featuredmedia":[{"embeddable":true,"href":"https:\/\/lahora.mx\/index.php\/wp-json\/wp\/v2\/media\/59695"}],"wp:attachment":[{"href":"https:\/\/lahora.mx\/index.php\/wp-json\/wp\/v2\/media?parent=59694"}],"wp:term":[{"taxonomy":"category","embeddable":true,"href":"https:\/\/lahora.mx\/index.php\/wp-json\/wp\/v2\/categories?post=59694"},{"taxonomy":"post_tag","embeddable":true,"href":"https:\/\/lahora.mx\/index.php\/wp-json\/wp\/v2\/tags?post=59694"}],"curies":[{"name":"wp","href":"https:\/\/api.w.org\/{rel}","templated":true}]}}