{"id":59691,"date":"2025-03-12T17:35:21","date_gmt":"2025-03-12T17:35:21","guid":{"rendered":"https:\/\/lahora.mx\/?p=59691"},"modified":"2025-03-12T17:35:22","modified_gmt":"2025-03-12T17:35:22","slug":"ladron-desarma-bancas-y-se-las-lleva-por-partes-en-huauchinango","status":"publish","type":"post","link":"https:\/\/lahora.mx\/index.php\/2025\/03\/12\/ladron-desarma-bancas-y-se-las-lleva-por-partes-en-huauchinango\/","title":{"rendered":"Ladr\u00f3n desarma bancas y se las lleva por partes en Huauchinango"},"content":{"rendered":"\n<p>Habitantes del\u00a0<strong>callej\u00f3n de la calle Gregorio A. Salas\u00a0<\/strong>denunciaron que un\u00a0<strong>sujeto ha estado robando bancas <\/strong>de las<strong>\u00a0escalinatas del lugar, <\/strong><strong>desarm\u00e1ndolas poco a poco<\/strong> durante la madrugada. Hasta el momento, aseguran que ya se llev\u00f3\u00a0<strong>dos bancas completas<\/strong>\u00a0y est\u00e1 desmontando una tercera.<\/p>\n\n\n\n<p>Los vecinos exigen a las autoridades&nbsp;<strong>reforzar la vigilancia,&nbsp;<\/strong>destacan que estas bancas fueron instaladas para el&nbsp;<strong>descanso de los transe\u00fantes&nbsp;<\/strong>y su desaparici\u00f3n afecta a quienes utilizan este espacio diariamente.<\/p>\n\n\n\n<p>De acuerdo con los reportes ciudadanos, el presunto ladr\u00f3n&nbsp;<strong>act\u00faa en la madrugada,<\/strong>&nbsp;lo que dificulta su identificaci\u00f3n. Ante esta situaci\u00f3n, los vecinos piden la colaboraci\u00f3n de la sociedad para&nbsp;<strong>alertar a las autoridades&nbsp;<\/strong>en caso de sorprenderlo en el acto.<\/p>\n\n\n\n<p>Adem\u00e1s, han solicitado la intervenci\u00f3n de la<strong>\u00a0polic\u00eda municipal\u00a0<\/strong>para que realice\u00a0<strong>rondines en el \u00e1rea<\/strong>\u00a0y evitar que siga el desmantelamiento del\u00a0<strong>mobiliario urbano.\u00a0<\/strong>Aseguran que, de no tomarse medidas, otras estructuras podr\u00edan ser objeto de\u00a0<strong>vandalismo o robo.<\/strong><br>os habitantes del callej\u00f3n Gregorio A. Salas comentaron que este&nbsp;<strong>no es el primer incidente de inseguridad en la zona,<\/strong>&nbsp;por lo que piden medidas preventivas urgentes. Se\u00f1alan que la falta de iluminaci\u00f3n y la escasa vigilancia han permitido que ocurran este tipo de actos sin consecuencias.<\/p>\n\n\n\n<p>Asimismo, indicaron que este espacio es utilizado por muchas personas, incluyendo&nbsp;<strong>adultos mayores y estudiantes,&nbsp;<\/strong>quienes ahora se ven afectados al no contar con los asientos disponibles.<\/p>\n\n\n\n<p>Los colonos instaron a la ciudadan\u00eda a reportar cualquier\u00a0actividad sospechosa\u00a0y subrayaron la importancia de actuar de manera conjunta para evitar que el robo de mobiliario p\u00fablico contin\u00fae en la zona. Se\u00f1alaron que muchas de estas estructuras son robadas para ser\u00a0<strong>vendidas como chatarra,<\/strong>\u00a0lo que ha provocado que m\u00e1s mobiliario urbano desaparezca.\u00a0<br><\/p>\n","protected":false},"excerpt":{"rendered":"<p>Habitantes del\u00a0callej\u00f3n de la calle Gregorio A. Salas\u00a0denunciaron que un\u00a0sujeto ha estado robando bancas de las\u00a0escalinatas del lugar, desarm\u00e1ndolas poco a poco durante la madrugada. Hasta el momento, aseguran que ya se llev\u00f3\u00a0dos bancas completas\u00a0y est\u00e1 desmontando una tercera. Los vecinos exigen a las autoridades&nbsp;reforzar la vigilancia,&nbsp;destacan que estas bancas fueron instaladas para el&nbsp;descanso de [&hellip;]<\/p>\n","protected":false},"author":4,"featured_media":59692,"comment_status":"open","ping_status":"open","sticky":false,"template":"","format":"standard","meta":{"om_disable_all_campaigns":false,"_monsterinsights_skip_tracking":false,"_monsterinsights_sitenote_active":false,"_monsterinsights_sitenote_note":"","_monsterinsights_sitenote_category":0,"footnotes":""},"categories":[175,226],"tags":[],"class_list":["post-59691","post","type-post","status-publish","format-standard","has-post-thumbnail","hentry","category-local","category-policia"],"amp_enabled":true,"_links":{"self":[{"href":"https:\/\/lahora.mx\/index.php\/wp-json\/wp\/v2\/posts\/59691","targetHints":{"allow":["GET"]}}],"collection":[{"href":"https:\/\/lahora.mx\/index.php\/wp-json\/wp\/v2\/posts"}],"about":[{"href":"https:\/\/lahora.mx\/index.php\/wp-json\/wp\/v2\/types\/post"}],"author":[{"embeddable":true,"href":"https:\/\/lahora.mx\/index.php\/wp-json\/wp\/v2\/users\/4"}],"replies":[{"embeddable":true,"href":"https:\/\/lahora.mx\/index.php\/wp-json\/wp\/v2\/comments?post=59691"}],"version-history":[{"count":1,"href":"https:\/\/lahora.mx\/index.php\/wp-json\/wp\/v2\/posts\/59691\/revisions"}],"predecessor-version":[{"id":59693,"href":"https:\/\/lahora.mx\/index.php\/wp-json\/wp\/v2\/posts\/59691\/revisions\/59693"}],"wp:featuredmedia":[{"embeddable":true,"href":"https:\/\/lahora.mx\/index.php\/wp-json\/wp\/v2\/media\/59692"}],"wp:attachment":[{"href":"https:\/\/lahora.mx\/index.php\/wp-json\/wp\/v2\/media?parent=59691"}],"wp:term":[{"taxonomy":"category","embeddable":true,"href":"https:\/\/lahora.mx\/index.php\/wp-json\/wp\/v2\/categories?post=59691"},{"taxonomy":"post_tag","embeddable":true,"href":"https:\/\/lahora.mx\/index.php\/wp-json\/wp\/v2\/tags?post=59691"}],"curies":[{"name":"wp","href":"https:\/\/api.w.org\/{rel}","templated":true}]}}