{"id":59688,"date":"2025-03-12T17:27:11","date_gmt":"2025-03-12T17:27:11","guid":{"rendered":"https:\/\/lahora.mx\/?p=59688"},"modified":"2025-03-12T17:27:12","modified_gmt":"2025-03-12T17:27:12","slug":"giovanni-gonzalez-vieyra-acusado-del-delito-de-encubrimiento","status":"publish","type":"post","link":"https:\/\/lahora.mx\/index.php\/2025\/03\/12\/giovanni-gonzalez-vieyra-acusado-del-delito-de-encubrimiento\/","title":{"rendered":"Giovanni Gonz\u00e1lez Vieyra, acusado del delito de encubrimiento"},"content":{"rendered":"\n<p>Despu\u00e9s de dos horas de\u00a0<strong>audiencia virtual<\/strong>,\u00a0Giovanni Gonz\u00e1lez Vieyra, presidente municipal de\u00a0<strong>Tlachichuca<\/strong>, fue acusado del delito de encubrimiento en receptaci\u00f3n de carga robada.<\/p>\n\n\n\n<p>El 11 de marzo, un juez de control calific\u00f3 como legal su detenci\u00f3n, que ocurri\u00f3 en un operativo en\u00a0<strong>Tlachichuca<\/strong>.<\/p>\n\n\n\n<p>Seg\u00fan versiones extraoficiales, el&nbsp;<strong>presidente municipal de Tlachichuca<\/strong>&nbsp;fue detenido porque en un&nbsp;<strong>cateo<\/strong>, que realizaron en un rancho de la&nbsp;<strong>familia Gonz\u00e1lez Vieyra<\/strong>, agentes de la Fiscal\u00eda encontraron&nbsp;<strong>productos de carga robada<\/strong>.<\/p>\n\n\n\n<p>Durante el\u00a0<strong>operativo<\/strong>, que se realiz\u00f3 el 7 de marzo,\u00a0<strong>Uruviel Gonz\u00e1lez Vieyra<\/strong>, presidente municipal de\u00a0<strong>Chalchicomula de Sesma<\/strong>, tambi\u00e9n fue\u00a0<strong>detenido<\/strong>\u00a0y traslado, junto con su hermano, al\u00a0<strong>penal de Tepexi de Rodr\u00edguez<\/strong>.<br>El&nbsp;<strong>presidente municipal de Chalchicomula de Sesma<\/strong>&nbsp;fue acusado por el delito de&nbsp;<strong>portaci\u00f3n de armas<\/strong>&nbsp;del uso exclusivo del Ej\u00e9rcito Mexicano.<\/p>\n\n\n\n<p>El pr\u00f3ximo&nbsp;<strong>viernes<\/strong>&nbsp;se llevar\u00e1 a cabo una&nbsp;<strong>audiencia<\/strong>&nbsp;en donde se determinar\u00e1 si el presidente municipal de&nbsp;<strong>Tlachichuca<\/strong>&nbsp;ser\u00e1&nbsp;<strong>vinculado a proceso<\/strong>.<\/p>\n\n\n\n<h2 class=\"wp-block-heading\"><strong>Pobladores de Chalchicomula de Sesma y Tlachichuca bloquean Congreso local<\/strong><\/h2>\n\n\n\n<p>La tarde del 11 de marzo, simpatizantes de los\u00a0<strong>hermanos Gonz\u00e1lez Vieyra<\/strong>\u00a0<strong>bloquearon<\/strong>\u00a0los accesos del\u00a0Congreso del Estado\u00a0en compa\u00f1\u00eda de la diputada\u00a0<strong>Kathya S\u00e1nchez Rodr\u00edguez<\/strong>.<br>Por alrededor de 10 horas, los\u00a0<strong>manifestantes<\/strong>\u00a0impidieron la entrada y salida para\u00a0<strong>exigir la liberaci\u00f3n de Uriviel y Giovanni Gonz\u00e1lez Vieyra<\/strong>.<\/p>\n\n\n\n<p>Aunque solicitaron una&nbsp;<strong>audiencia<\/strong>&nbsp;con la legisladora por Movimiento Ciudadano (<strong>MC<\/strong>) y dirigente estatal del partido,&nbsp;<strong>Fedrha Isabel Suriano Corrales<\/strong>, los pobladores no fueron&nbsp;<strong>atendidos<\/strong>.<\/p>\n\n\n\n<p>En&nbsp;<strong>redes sociales<\/strong>, internautas denunciaron que&nbsp;<strong>madres de familia<\/strong>&nbsp;de la primaria Manuel Acu\u00f1a del municipio de&nbsp;<strong>Chalchicomula de Sesma<\/strong>&nbsp;las estaban obligando a asistir a una manifestaci\u00f3n en favor de&nbsp;<strong>Uruviel Gonz\u00e1lez<\/strong>.<\/p>\n","protected":false},"excerpt":{"rendered":"<p>Despu\u00e9s de dos horas de\u00a0audiencia virtual,\u00a0Giovanni Gonz\u00e1lez Vieyra, presidente municipal de\u00a0Tlachichuca, fue acusado del delito de encubrimiento en receptaci\u00f3n de carga robada. El 11 de marzo, un juez de control calific\u00f3 como legal su detenci\u00f3n, que ocurri\u00f3 en un operativo en\u00a0Tlachichuca. Seg\u00fan versiones extraoficiales, el&nbsp;presidente municipal de Tlachichuca&nbsp;fue detenido porque en un&nbsp;cateo, que realizaron en [&hellip;]<\/p>\n","protected":false},"author":4,"featured_media":59689,"comment_status":"open","ping_status":"open","sticky":false,"template":"","format":"standard","meta":{"om_disable_all_campaigns":false,"_monsterinsights_skip_tracking":false,"_monsterinsights_sitenote_active":false,"_monsterinsights_sitenote_note":"","_monsterinsights_sitenote_category":0,"footnotes":""},"categories":[175,226],"tags":[223],"class_list":["post-59688","post","type-post","status-publish","format-standard","has-post-thumbnail","hentry","category-local","category-policia","tag-puebla"],"amp_enabled":true,"_links":{"self":[{"href":"https:\/\/lahora.mx\/index.php\/wp-json\/wp\/v2\/posts\/59688","targetHints":{"allow":["GET"]}}],"collection":[{"href":"https:\/\/lahora.mx\/index.php\/wp-json\/wp\/v2\/posts"}],"about":[{"href":"https:\/\/lahora.mx\/index.php\/wp-json\/wp\/v2\/types\/post"}],"author":[{"embeddable":true,"href":"https:\/\/lahora.mx\/index.php\/wp-json\/wp\/v2\/users\/4"}],"replies":[{"embeddable":true,"href":"https:\/\/lahora.mx\/index.php\/wp-json\/wp\/v2\/comments?post=59688"}],"version-history":[{"count":1,"href":"https:\/\/lahora.mx\/index.php\/wp-json\/wp\/v2\/posts\/59688\/revisions"}],"predecessor-version":[{"id":59690,"href":"https:\/\/lahora.mx\/index.php\/wp-json\/wp\/v2\/posts\/59688\/revisions\/59690"}],"wp:featuredmedia":[{"embeddable":true,"href":"https:\/\/lahora.mx\/index.php\/wp-json\/wp\/v2\/media\/59689"}],"wp:attachment":[{"href":"https:\/\/lahora.mx\/index.php\/wp-json\/wp\/v2\/media?parent=59688"}],"wp:term":[{"taxonomy":"category","embeddable":true,"href":"https:\/\/lahora.mx\/index.php\/wp-json\/wp\/v2\/categories?post=59688"},{"taxonomy":"post_tag","embeddable":true,"href":"https:\/\/lahora.mx\/index.php\/wp-json\/wp\/v2\/tags?post=59688"}],"curies":[{"name":"wp","href":"https:\/\/api.w.org\/{rel}","templated":true}]}}