{"id":59685,"date":"2025-03-12T16:24:07","date_gmt":"2025-03-12T16:24:07","guid":{"rendered":"https:\/\/lahora.mx\/?p=59685"},"modified":"2025-03-12T16:24:08","modified_gmt":"2025-03-12T16:24:08","slug":"hallan-sin-vida-a-mario-alberto-desaparecido-en-ixtacamaxtitlan","status":"publish","type":"post","link":"https:\/\/lahora.mx\/index.php\/2025\/03\/12\/hallan-sin-vida-a-mario-alberto-desaparecido-en-ixtacamaxtitlan\/","title":{"rendered":"Hallan sin vida a Mario Alberto, desaparecido en Ixtacamaxtitl\u00e1n"},"content":{"rendered":"\n<p>Despu\u00e9s de dos meses desaparecido, Mario Alberto Leal Larios, de 22 a\u00f1os, fue\u00a0<strong>localizado\u00a0Sin vida <\/strong>en el interior de un\u00a0<strong>pozo<\/strong>\u00a0en la comunidad de\u00a0<strong>Tentzoncuahuigtic, en Ixtacamaxtitl\u00e1n,<\/strong>\u00a0Puebla.<\/p>\n\n\n\n<p>El hallazgo ocurri\u00f3 el&nbsp;<strong>10 de marzo,<\/strong>&nbsp;cuando la&nbsp;<strong>Polic\u00eda Municipal notific\u00f3 a la Fiscal\u00eda General del Estado (FGE)<\/strong>&nbsp;sobre la presencia de un cuerpo dentro del pozo, ubicado a un costado del auditorio de la comunidad.<\/p>\n\n\n\n<p>Peritos y agentes ministeriales de la Fiscal\u00eda Especializada en Desapariciones acudieron al sitio junto con rescatistas, quienes descendieron y&nbsp;<strong>confirmaron, por la vestimenta, que se trataba de Mario Alberto,<\/strong>&nbsp;reportado como desaparecido desde el 2 de enero.<\/p>\n\n\n\n<p>El joven, originario de Ixtacamaxtit\u00e1n,\u00a0<strong>asisti\u00f3 al baile de la feria<\/strong>\u00a0en Tentzoncuahuigtic la noche en que desapareci\u00f3. Adem\u00e1s era conocido en su comunidad por ser parte del\u00a0<strong>grupo musical Ritmo Romano e integrante de la Organizaci\u00f3n Nacional de Comit\u00e9s de Ordenamiento y Defensa del Territorio (Onodet),<\/strong>dedicada a la protecci\u00f3n del agua y la tierra.<\/p>\n","protected":false},"excerpt":{"rendered":"<p>Despu\u00e9s de dos meses desaparecido, Mario Alberto Leal Larios, de 22 a\u00f1os, fue\u00a0localizado\u00a0Sin vida en el interior de un\u00a0pozo\u00a0en la comunidad de\u00a0Tentzoncuahuigtic, en Ixtacamaxtitl\u00e1n,\u00a0Puebla. El hallazgo ocurri\u00f3 el&nbsp;10 de marzo,&nbsp;cuando la&nbsp;Polic\u00eda Municipal notific\u00f3 a la Fiscal\u00eda General del Estado (FGE)&nbsp;sobre la presencia de un cuerpo dentro del pozo, ubicado a un costado del auditorio de [&hellip;]<\/p>\n","protected":false},"author":4,"featured_media":59686,"comment_status":"open","ping_status":"open","sticky":false,"template":"","format":"standard","meta":{"om_disable_all_campaigns":false,"_monsterinsights_skip_tracking":false,"_monsterinsights_sitenote_active":false,"_monsterinsights_sitenote_note":"","_monsterinsights_sitenote_category":0,"footnotes":""},"categories":[175,226],"tags":[223],"class_list":["post-59685","post","type-post","status-publish","format-standard","has-post-thumbnail","hentry","category-local","category-policia","tag-puebla"],"amp_enabled":true,"_links":{"self":[{"href":"https:\/\/lahora.mx\/index.php\/wp-json\/wp\/v2\/posts\/59685","targetHints":{"allow":["GET"]}}],"collection":[{"href":"https:\/\/lahora.mx\/index.php\/wp-json\/wp\/v2\/posts"}],"about":[{"href":"https:\/\/lahora.mx\/index.php\/wp-json\/wp\/v2\/types\/post"}],"author":[{"embeddable":true,"href":"https:\/\/lahora.mx\/index.php\/wp-json\/wp\/v2\/users\/4"}],"replies":[{"embeddable":true,"href":"https:\/\/lahora.mx\/index.php\/wp-json\/wp\/v2\/comments?post=59685"}],"version-history":[{"count":1,"href":"https:\/\/lahora.mx\/index.php\/wp-json\/wp\/v2\/posts\/59685\/revisions"}],"predecessor-version":[{"id":59687,"href":"https:\/\/lahora.mx\/index.php\/wp-json\/wp\/v2\/posts\/59685\/revisions\/59687"}],"wp:featuredmedia":[{"embeddable":true,"href":"https:\/\/lahora.mx\/index.php\/wp-json\/wp\/v2\/media\/59686"}],"wp:attachment":[{"href":"https:\/\/lahora.mx\/index.php\/wp-json\/wp\/v2\/media?parent=59685"}],"wp:term":[{"taxonomy":"category","embeddable":true,"href":"https:\/\/lahora.mx\/index.php\/wp-json\/wp\/v2\/categories?post=59685"},{"taxonomy":"post_tag","embeddable":true,"href":"https:\/\/lahora.mx\/index.php\/wp-json\/wp\/v2\/tags?post=59685"}],"curies":[{"name":"wp","href":"https:\/\/api.w.org\/{rel}","templated":true}]}}