{"id":59673,"date":"2025-03-12T04:11:32","date_gmt":"2025-03-12T04:11:32","guid":{"rendered":"https:\/\/lahora.mx\/?p=59673"},"modified":"2025-03-12T04:33:35","modified_gmt":"2025-03-12T04:33:35","slug":"roberto-solis-aclara-que-no-hay-programa-de-regularizacion-de-inmuebles-invadidos-en-huejotzingo","status":"publish","type":"post","link":"https:\/\/lahora.mx\/index.php\/2025\/03\/12\/roberto-solis-aclara-que-no-hay-programa-de-regularizacion-de-inmuebles-invadidos-en-huejotzingo\/","title":{"rendered":"Roberto Sol\u00eds aclara que no hay programa de regularizaci\u00f3n de inmuebles invadidos en Huejotzingo"},"content":{"rendered":"\n<p><strong>El gobierno municipal de Huejotzingo, encabezado por Roberto Sol\u00eds<\/strong>\u00a0descart\u00f3 que exista alg\u00fan programa para regularizar inmuebles invadidos en fraccionamientos o condominios.<\/p>\n\n\n\n<p>Por medio de las redes sociales del&nbsp;<strong>gobierno municipal de Huejotzingo, el cual es encabezado por Roberto Sol\u00eds Valles,<\/strong>&nbsp;alert\u00f3 a la ciudadan\u00eda no se deje enga\u00f1ar por falsos programas para regularizar inmuebles invadidos en fraccionamientos o condominios.<\/p>\n\n\n\n<p>En esta publicaci\u00f3n se aclara que&nbsp;<strong>las autoridades no est\u00e1n recuperando ni asignando inmuebles<\/strong>&nbsp;a persona alguna, por lo que se pide no dejarse enga\u00f1ar.&nbsp;<\/p>\n\n\n\n<p>Finalmente,&nbsp;<strong>el gobierno municipal reafirm\u00f3 su compromiso de garantizar la legalidad y velar<\/strong>&nbsp;por el bienestar y la tranquilidad de las familias huejotzingas.<\/p>\n","protected":false},"excerpt":{"rendered":"<p>El gobierno municipal de Huejotzingo, encabezado por Roberto Sol\u00eds\u00a0descart\u00f3 que exista alg\u00fan programa para regularizar inmuebles invadidos en fraccionamientos o condominios. Por medio de las redes sociales del&nbsp;gobierno municipal de Huejotzingo, el cual es encabezado por Roberto Sol\u00eds Valles,&nbsp;alert\u00f3 a la ciudadan\u00eda no se deje enga\u00f1ar por falsos programas para regularizar inmuebles invadidos en fraccionamientos [&hellip;]<\/p>\n","protected":false},"author":4,"featured_media":59674,"comment_status":"open","ping_status":"open","sticky":false,"template":"","format":"standard","meta":{"om_disable_all_campaigns":false,"_monsterinsights_skip_tracking":false,"_monsterinsights_sitenote_active":false,"_monsterinsights_sitenote_note":"","_monsterinsights_sitenote_category":0,"footnotes":""},"categories":[175],"tags":[],"class_list":["post-59673","post","type-post","status-publish","format-standard","has-post-thumbnail","hentry","category-local"],"amp_enabled":true,"_links":{"self":[{"href":"https:\/\/lahora.mx\/index.php\/wp-json\/wp\/v2\/posts\/59673","targetHints":{"allow":["GET"]}}],"collection":[{"href":"https:\/\/lahora.mx\/index.php\/wp-json\/wp\/v2\/posts"}],"about":[{"href":"https:\/\/lahora.mx\/index.php\/wp-json\/wp\/v2\/types\/post"}],"author":[{"embeddable":true,"href":"https:\/\/lahora.mx\/index.php\/wp-json\/wp\/v2\/users\/4"}],"replies":[{"embeddable":true,"href":"https:\/\/lahora.mx\/index.php\/wp-json\/wp\/v2\/comments?post=59673"}],"version-history":[{"count":1,"href":"https:\/\/lahora.mx\/index.php\/wp-json\/wp\/v2\/posts\/59673\/revisions"}],"predecessor-version":[{"id":59675,"href":"https:\/\/lahora.mx\/index.php\/wp-json\/wp\/v2\/posts\/59673\/revisions\/59675"}],"wp:featuredmedia":[{"embeddable":true,"href":"https:\/\/lahora.mx\/index.php\/wp-json\/wp\/v2\/media\/59674"}],"wp:attachment":[{"href":"https:\/\/lahora.mx\/index.php\/wp-json\/wp\/v2\/media?parent=59673"}],"wp:term":[{"taxonomy":"category","embeddable":true,"href":"https:\/\/lahora.mx\/index.php\/wp-json\/wp\/v2\/categories?post=59673"},{"taxonomy":"post_tag","embeddable":true,"href":"https:\/\/lahora.mx\/index.php\/wp-json\/wp\/v2\/tags?post=59673"}],"curies":[{"name":"wp","href":"https:\/\/api.w.org\/{rel}","templated":true}]}}