{"id":59666,"date":"2025-03-12T01:31:47","date_gmt":"2025-03-12T01:31:47","guid":{"rendered":"https:\/\/lahora.mx\/?p=59666"},"modified":"2025-03-12T01:31:47","modified_gmt":"2025-03-12T01:31:47","slug":"se-disparan-casos-de-tos-ferina-en-mexico","status":"publish","type":"post","link":"https:\/\/lahora.mx\/index.php\/2025\/03\/12\/se-disparan-casos-de-tos-ferina-en-mexico\/","title":{"rendered":"Se disparan casos de tos ferina en M\u00e9xico"},"content":{"rendered":"\n<p>El n\u00famero de casos de tos ferina en M\u00e9xico aument\u00f3 m\u00e1s de mil 400 por ciento debido a que durante los dos primeros meses de este a\u00f1o ya se confirmaron 288 contagios, frente a los 19 que se registraron durante el mismo periodo de 2024.<\/p>\n\n\n\n<p>Al momento, con 152 casos, las mujeres son las m\u00e1s afectadas.<\/p>\n\n\n\n<p>Cabe se\u00f1alar, que esta infecci\u00f3n respiratoria, que&nbsp;<strong>afecta principalmente a los ni\u00f1os<\/strong>&nbsp;que no han completado el esquema de vacunaci\u00f3n y a los adolescentes y adultos que han perdido la inmunidad, cerr\u00f3 el a\u00f1o pasado con un total acumulado de 443 casos positivos durante 12 meses.<\/p>\n\n\n\n<p>De acuerdo a la informaci\u00f3n del bolet\u00edn epidemiol\u00f3gico con corte al 1 de marzo, publicado por el Sistema Nacional de Vigilancia Epidemiol\u00f3gica (Sinave), durante la \u00faltima semana se confirmaron 78 nuevos casos.<br>Hasta el momento, son 25 entidades las que han reportado casos de tos ferina y con 46 infecciones, la Ciudad de M\u00e9xico encabez\u00f3 la lista de las cinco entidades con el mayor n\u00famero de contagios de tos ferina.<\/p>\n\n\n\n<p>En orden descendente le siguieron:<\/p>\n\n\n\n<p>-Nuevo Le\u00f3n con 34 casos<\/p>\n\n\n\n<p>-Chihuahua con 24<\/p>\n\n\n\n<p>-Estado de M\u00e9xico con 23<\/p>\n\n\n\n<p>-Jalisco con 23&nbsp;<\/p>\n\n\n\n<p><strong>AVISO EPIDEMIOL\u00d3GICO<\/strong><\/p>\n\n\n\n<p>Cabe se\u00f1alar que el pasado 27 de febrero, el Comit\u00e9 Nacional para la Vigilancia Epidemiol\u00f3gica (Conave) emiti\u00f3 un avis\u00f3 epidemiol\u00f3gico dirigido a las unidades m\u00e9dicas de todo el sector salud con la finalidad de atender y reportar los casos, as\u00ed como impulsar la vacunaci\u00f3n, cuya reducci\u00f3n es una de las razones del incremento de pacientes con esta enfermedad infecciosa que ten\u00eda muy baja incidencia en el pa\u00eds.<\/p>\n\n\n\n<h2 class=\"wp-block-heading\"><strong>\u00bfQU\u00c9 ES LA TOS FERINA?<\/strong><\/h2>\n\n\n\n<p>La tos ferina es una infecci\u00f3n respiratoria aguda altamente contagiosa causada por la bacteria Bordetella pertussis, que se puede prevenir mediante la vacunaci\u00f3n.<\/p>\n\n\n\n<p>De acuerdo a la Cartilla Nacional de Salud, la inmunizaci\u00f3n se aplica en cinco ocasiones distintas a partir de los 2 meses de edad, cuando se pone la primera dosis.<\/p>\n\n\n\n<p>A los cuatro meses se aplica la segunda dosis; una tercera a los 6 meses. Un refuerzo a los 18 meses y otro m\u00e1s a los 4 a\u00f1os de edad.<\/p>\n\n\n\n<p>La Secretar\u00eda de Salud inform\u00f3 que el mecanismo de transmisi\u00f3n de la tos ferina es por contacto directo con gotitas de las personas infectadas al toser o estornudar.<\/p>\n\n\n\n<p>Los principales s\u00edntomas son goteo o congesti\u00f3n nasal, estornudos y tos ligera.<\/p>\n\n\n\n<p><strong>Los s\u00edntomas de alarma son:&nbsp;<\/strong><\/p>\n\n\n\n<p>-Pausa en la respiraci\u00f3n en los beb\u00e9s (apnea).&nbsp;<\/p>\n\n\n\n<p>-Tos severa, ni\u00f1os y beb\u00e9s pueden tener una tos muy fuerte e incontrolable.&nbsp;<\/p>\n\n\n\n<p>-Fiebre.&nbsp;<\/p>\n\n\n\n<p>-Dificultad para respirar.<\/p>\n","protected":false},"excerpt":{"rendered":"<p>El n\u00famero de casos de tos ferina en M\u00e9xico aument\u00f3 m\u00e1s de mil 400 por ciento debido a que durante los dos primeros meses de este a\u00f1o ya se confirmaron 288 contagios, frente a los 19 que se registraron durante el mismo periodo de 2024. Al momento, con 152 casos, las mujeres son las m\u00e1s [&hellip;]<\/p>\n","protected":false},"author":4,"featured_media":59667,"comment_status":"open","ping_status":"open","sticky":false,"template":"","format":"standard","meta":{"om_disable_all_campaigns":false,"_monsterinsights_skip_tracking":false,"_monsterinsights_sitenote_active":false,"_monsterinsights_sitenote_note":"","_monsterinsights_sitenote_category":0,"footnotes":""},"categories":[176],"tags":[195],"class_list":["post-59666","post","type-post","status-publish","format-standard","has-post-thumbnail","hentry","category-nacional","tag-principal"],"amp_enabled":true,"_links":{"self":[{"href":"https:\/\/lahora.mx\/index.php\/wp-json\/wp\/v2\/posts\/59666","targetHints":{"allow":["GET"]}}],"collection":[{"href":"https:\/\/lahora.mx\/index.php\/wp-json\/wp\/v2\/posts"}],"about":[{"href":"https:\/\/lahora.mx\/index.php\/wp-json\/wp\/v2\/types\/post"}],"author":[{"embeddable":true,"href":"https:\/\/lahora.mx\/index.php\/wp-json\/wp\/v2\/users\/4"}],"replies":[{"embeddable":true,"href":"https:\/\/lahora.mx\/index.php\/wp-json\/wp\/v2\/comments?post=59666"}],"version-history":[{"count":1,"href":"https:\/\/lahora.mx\/index.php\/wp-json\/wp\/v2\/posts\/59666\/revisions"}],"predecessor-version":[{"id":59668,"href":"https:\/\/lahora.mx\/index.php\/wp-json\/wp\/v2\/posts\/59666\/revisions\/59668"}],"wp:featuredmedia":[{"embeddable":true,"href":"https:\/\/lahora.mx\/index.php\/wp-json\/wp\/v2\/media\/59667"}],"wp:attachment":[{"href":"https:\/\/lahora.mx\/index.php\/wp-json\/wp\/v2\/media?parent=59666"}],"wp:term":[{"taxonomy":"category","embeddable":true,"href":"https:\/\/lahora.mx\/index.php\/wp-json\/wp\/v2\/categories?post=59666"},{"taxonomy":"post_tag","embeddable":true,"href":"https:\/\/lahora.mx\/index.php\/wp-json\/wp\/v2\/tags?post=59666"}],"curies":[{"name":"wp","href":"https:\/\/api.w.org\/{rel}","templated":true}]}}