{"id":59648,"date":"2025-03-12T00:55:33","date_gmt":"2025-03-12T00:55:33","guid":{"rendered":"https:\/\/lahora.mx\/?p=59648"},"modified":"2025-03-12T00:55:34","modified_gmt":"2025-03-12T00:55:34","slug":"refuerza-puebla-seguridad-en-municipios-con-elecciones-extraordinarias","status":"publish","type":"post","link":"https:\/\/lahora.mx\/index.php\/2025\/03\/12\/refuerza-puebla-seguridad-en-municipios-con-elecciones-extraordinarias\/","title":{"rendered":"Refuerza Puebla seguridad en municipios con elecciones extraordinarias"},"content":{"rendered":"\n<p>En el marco del&nbsp;<strong>Proceso Electoral Local Extraordinario 2025,&nbsp;<\/strong>autoridades del&nbsp;<strong>Instituto Electoral del Estado (IEE)&nbsp;<\/strong>y la&nbsp;<strong>Junta Local Ejecutiva del Instituto Nacional Electoral&nbsp;<\/strong>(INE) en Puebla han reforzado la coordinaci\u00f3n con los tres niveles de gobierno para garantizar una jornada electoral segura y pac\u00edfica el pr\u00f3ximo 23 de marzo.<\/p>\n\n\n\n<p>Este lunes, la consejera presidenta del IEE,&nbsp;<strong>Blanca Yassahara Cruz Garc\u00eda,&nbsp;<\/strong>y el vocal ejecutivo del INE en Puebla,&nbsp;<strong>Edgar Humberto Arias Alba,<\/strong>&nbsp;participaron en la<strong>&nbsp;Mesa de Coordinaci\u00f3n Estatal para la Construcci\u00f3n de Paz y Seguridad,&nbsp;<\/strong>encabezada por el gobernador Alejandro Armenta Mier.&nbsp;<\/p>\n\n\n\n<p>En el encuentro, se discutieron estrategias para asegurar el traslado, resguardo y custodia de las boletas electorales, as\u00ed como la protecci\u00f3n de las instalaciones de los&nbsp;<strong>Consejos Municipales Electorales.<\/strong><\/p>\n\n\n\n<p><strong>Los municipios en los que se implementar\u00e1n estas medidas son Ayotoxco de Guerrero, Chignahuapan, Xiutetelco<\/strong>\u00a0y Venustiano Carranza, donde la ciudadan\u00eda acudir\u00e1 a las urnas en esta\u00a0<strong>elecci\u00f3n\u00a0<\/strong>extraordinaria.<br><br>Las\u00a0<strong>autoridades electorales han reiterado<\/strong>\u00a0su compromiso con la seguridad del proceso y<strong>\u00a0llamaron a la ciudadan\u00eda a participar en un ambiente<\/strong>\u00a0de paz y civilidad.<\/p>\n","protected":false},"excerpt":{"rendered":"<p>En el marco del&nbsp;Proceso Electoral Local Extraordinario 2025,&nbsp;autoridades del&nbsp;Instituto Electoral del Estado (IEE)&nbsp;y la&nbsp;Junta Local Ejecutiva del Instituto Nacional Electoral&nbsp;(INE) en Puebla han reforzado la coordinaci\u00f3n con los tres niveles de gobierno para garantizar una jornada electoral segura y pac\u00edfica el pr\u00f3ximo 23 de marzo. Este lunes, la consejera presidenta del IEE,&nbsp;Blanca Yassahara Cruz Garc\u00eda,&nbsp;y [&hellip;]<\/p>\n","protected":false},"author":4,"featured_media":59649,"comment_status":"open","ping_status":"open","sticky":false,"template":"","format":"standard","meta":{"om_disable_all_campaigns":false,"_monsterinsights_skip_tracking":false,"_monsterinsights_sitenote_active":false,"_monsterinsights_sitenote_note":"","_monsterinsights_sitenote_category":0,"footnotes":""},"categories":[175,226],"tags":[223],"class_list":["post-59648","post","type-post","status-publish","format-standard","has-post-thumbnail","hentry","category-local","category-policia","tag-puebla"],"amp_enabled":true,"_links":{"self":[{"href":"https:\/\/lahora.mx\/index.php\/wp-json\/wp\/v2\/posts\/59648","targetHints":{"allow":["GET"]}}],"collection":[{"href":"https:\/\/lahora.mx\/index.php\/wp-json\/wp\/v2\/posts"}],"about":[{"href":"https:\/\/lahora.mx\/index.php\/wp-json\/wp\/v2\/types\/post"}],"author":[{"embeddable":true,"href":"https:\/\/lahora.mx\/index.php\/wp-json\/wp\/v2\/users\/4"}],"replies":[{"embeddable":true,"href":"https:\/\/lahora.mx\/index.php\/wp-json\/wp\/v2\/comments?post=59648"}],"version-history":[{"count":1,"href":"https:\/\/lahora.mx\/index.php\/wp-json\/wp\/v2\/posts\/59648\/revisions"}],"predecessor-version":[{"id":59650,"href":"https:\/\/lahora.mx\/index.php\/wp-json\/wp\/v2\/posts\/59648\/revisions\/59650"}],"wp:featuredmedia":[{"embeddable":true,"href":"https:\/\/lahora.mx\/index.php\/wp-json\/wp\/v2\/media\/59649"}],"wp:attachment":[{"href":"https:\/\/lahora.mx\/index.php\/wp-json\/wp\/v2\/media?parent=59648"}],"wp:term":[{"taxonomy":"category","embeddable":true,"href":"https:\/\/lahora.mx\/index.php\/wp-json\/wp\/v2\/categories?post=59648"},{"taxonomy":"post_tag","embeddable":true,"href":"https:\/\/lahora.mx\/index.php\/wp-json\/wp\/v2\/tags?post=59648"}],"curies":[{"name":"wp","href":"https:\/\/api.w.org\/{rel}","templated":true}]}}