{"id":59638,"date":"2025-03-12T00:14:29","date_gmt":"2025-03-12T00:14:29","guid":{"rendered":"https:\/\/lahora.mx\/?p=59638"},"modified":"2025-03-12T00:14:29","modified_gmt":"2025-03-12T00:14:29","slug":"un-regreso-con-historia-el-gobernador-alejandro-armenta-visita-su-alma-mater","status":"publish","type":"post","link":"https:\/\/lahora.mx\/index.php\/2025\/03\/12\/un-regreso-con-historia-el-gobernador-alejandro-armenta-visita-su-alma-mater\/","title":{"rendered":"Un Regreso con Historia: El Gobernador Alejandro Armenta visita su Alma M\u00e1ter"},"content":{"rendered":"\n<p>En un emotivo reencuentro con su infancia, el gobernador del estado de Puebla, Alejandro Armenta, visit\u00f3 la Escuela Primaria Sim\u00f3n Bol\u00edvar, donde curs\u00f3 sus estudios en la ni\u00f1ez. Este regreso a su alma m\u00e1ter estuvo marcado por la nostalgia y el agradecimiento, al recordar las experiencias que forjaron su car\u00e1cter y vocaci\u00f3n de servicio.<\/p>\n\n\n\n<p>Durante su visita, el gobernador recorri\u00f3 las aulas donde alguna vez estudi\u00f3, salud\u00f3 a docentes y alumnos, y revivi\u00f3 memorias entra\u00f1ables, como aquel viaje tur\u00edstico escolar que le inspir\u00f3 a promover un modelo de turismo comunitario en el estado. \u201cAqu\u00ed comprend\u00ed la importancia de conocer nuestras ra\u00edces, valorar nuestras comunidades y compartir con los dem\u00e1s el orgullo de ser poblanos\u201d, expres\u00f3 con emoci\u00f3n.<\/p>\n\n\n\n<p>Como parte de su compromiso con la educaci\u00f3n, Alejandro Armenta entreg\u00f3 la rehabilitaci\u00f3n de aulas y el techado de la explanada del plantel, una obra que beneficiar\u00e1 a generaciones de estudiantes al brindar espacios dignos y seguros para su desarrollo acad\u00e9mico y social.<\/p>\n\n\n\n<p>\u201cRegresar a esta escuela es un recordatorio de que la educaci\u00f3n transforma vidas. Aqu\u00ed aprend\u00ed valores que hoy gu\u00edan mi trabajo como gobernador. Me siento profundamente agradecido con mis maestros, con mis compa\u00f1eros y con esta instituci\u00f3n que me dio tanto\u201d, afirm\u00f3 el mandatario.<\/p>\n\n\n\n<p>Con este encuentro, el gobernador reafirm\u00f3 su compromiso con la educaci\u00f3n en Puebla, asegurando que seguir\u00e1 impulsando acciones para fortalecer las escuelas del estado, garantizando mejores condiciones para estudiantes y docentes.<\/p>\n","protected":false},"excerpt":{"rendered":"<p>En un emotivo reencuentro con su infancia, el gobernador del estado de Puebla, Alejandro Armenta, visit\u00f3 la Escuela Primaria Sim\u00f3n Bol\u00edvar, donde curs\u00f3 sus estudios en la ni\u00f1ez. Este regreso a su alma m\u00e1ter estuvo marcado por la nostalgia y el agradecimiento, al recordar las experiencias que forjaron su car\u00e1cter y vocaci\u00f3n de servicio. Durante [&hellip;]<\/p>\n","protected":false},"author":4,"featured_media":59639,"comment_status":"open","ping_status":"open","sticky":false,"template":"","format":"standard","meta":{"om_disable_all_campaigns":false,"_monsterinsights_skip_tracking":false,"_monsterinsights_sitenote_active":false,"_monsterinsights_sitenote_note":"","_monsterinsights_sitenote_category":0,"footnotes":""},"categories":[175],"tags":[239,223],"class_list":["post-59638","post","type-post","status-publish","format-standard","has-post-thumbnail","hentry","category-local","tag-gobierno","tag-puebla"],"amp_enabled":true,"_links":{"self":[{"href":"https:\/\/lahora.mx\/index.php\/wp-json\/wp\/v2\/posts\/59638","targetHints":{"allow":["GET"]}}],"collection":[{"href":"https:\/\/lahora.mx\/index.php\/wp-json\/wp\/v2\/posts"}],"about":[{"href":"https:\/\/lahora.mx\/index.php\/wp-json\/wp\/v2\/types\/post"}],"author":[{"embeddable":true,"href":"https:\/\/lahora.mx\/index.php\/wp-json\/wp\/v2\/users\/4"}],"replies":[{"embeddable":true,"href":"https:\/\/lahora.mx\/index.php\/wp-json\/wp\/v2\/comments?post=59638"}],"version-history":[{"count":1,"href":"https:\/\/lahora.mx\/index.php\/wp-json\/wp\/v2\/posts\/59638\/revisions"}],"predecessor-version":[{"id":59640,"href":"https:\/\/lahora.mx\/index.php\/wp-json\/wp\/v2\/posts\/59638\/revisions\/59640"}],"wp:featuredmedia":[{"embeddable":true,"href":"https:\/\/lahora.mx\/index.php\/wp-json\/wp\/v2\/media\/59639"}],"wp:attachment":[{"href":"https:\/\/lahora.mx\/index.php\/wp-json\/wp\/v2\/media?parent=59638"}],"wp:term":[{"taxonomy":"category","embeddable":true,"href":"https:\/\/lahora.mx\/index.php\/wp-json\/wp\/v2\/categories?post=59638"},{"taxonomy":"post_tag","embeddable":true,"href":"https:\/\/lahora.mx\/index.php\/wp-json\/wp\/v2\/tags?post=59638"}],"curies":[{"name":"wp","href":"https:\/\/api.w.org\/{rel}","templated":true}]}}