{"id":59627,"date":"2025-03-12T00:07:25","date_gmt":"2025-03-12T00:07:25","guid":{"rendered":"https:\/\/lahora.mx\/?p=59627"},"modified":"2025-03-12T00:07:26","modified_gmt":"2025-03-12T00:07:26","slug":"a-casi-4-semanas-del-paro-estudiantil-buap-no-hay-acuerdo-ni-dialogos","status":"publish","type":"post","link":"https:\/\/lahora.mx\/index.php\/2025\/03\/12\/a-casi-4-semanas-del-paro-estudiantil-buap-no-hay-acuerdo-ni-dialogos\/","title":{"rendered":"A casi 4 semanas, del paro estudiantil BUAP no hay acuerdo ni di\u00e1logos"},"content":{"rendered":"\n<p>A casi\u00a0<strong>cuatro semanas del paro estudiantil<\/strong>\u00a0en Ciudad Universitaria de la Benem\u00e9rita Universidad Aut\u00f3noma de Puebla (BUAP), a\u00fan\u00a0<strong>no hay acuerdos ni di\u00e1logos<\/strong>\u00a0formales que permitan una\u00a0<strong>resoluci\u00f3n<\/strong>.<\/p>\n\n\n\n<p>El\u00a0<strong>mi\u00e9rcoles 12 de marzo<\/strong>\u00a0se cumplir\u00e1n\u00a0<strong>cuatro semanas<\/strong>desde el inicio del\u00a0paro estudiantil, y pese a la\u00a0<strong>instalaci\u00f3n de 13 mesas<\/strong>\u00a0de la Comisi\u00f3n Institucional de Di\u00e1logo dentro de\u00a0<strong>CU<\/strong>, los\u00a0<strong>estudiantes<\/strong>\u00a0que mantienen la\u00a0<strong>toma de las instalaciones<\/strong>\u00a0no han accedido a\u00a0<strong>establecer di\u00e1logo<\/strong>\u00a0o llegar a un\u00a0<strong>acuerdo<\/strong>.<\/p>\n\n\n\n<p>Integrantes del movimiento estudiantil se\u00f1alan que a\u00fan no han logrado\u00a0<strong>consenso<\/strong>\u00a0con todas las\u00a0<strong>facultades<\/strong>\u00a0<strong>de la BUAP<\/strong>involucradas, por lo que han solicitado a las autoridades universitarias\u00a0<strong>m\u00e1s tiempo para organizarse<\/strong>.<\/p>\n\n\n\n<p>Al respecto, la\u00a0<strong>abogada general de la BUAP, Miriam Olga Ponce G\u00f3mez<\/strong>, afirm\u00f3 que la Comisi\u00f3n Institucional de Di\u00e1logo sigue\u00a0<strong>trabajando<\/strong>\u00a0con aquellas facultades que s\u00ed han mostrado disposici\u00f3n\u00a0para conversar, como:<br><br>Medicina<\/p>\n\n\n\n<p>Estomatolog\u00eda<\/p>\n\n\n\n<p>Enfermer\u00eda<\/p>\n\n\n\n<p>Contadur\u00eda<\/p>\n\n\n\n<p>Derecho<\/p>\n\n\n\n<p>Asimismo, hizo un&nbsp;<strong>llamado a los estudiantes<\/strong>&nbsp;en&nbsp;<strong>paro<\/strong>&nbsp;para&nbsp;<strong>abrirse al di\u00e1logo<\/strong>&nbsp;lo antes posible y avanzar en la&nbsp;<strong>resoluci\u00f3n del conflicto<\/strong>.<\/p>\n\n\n\n<h2 class=\"wp-block-heading\"><strong>Rechazan di\u00e1logo en la Facultad de Administraci\u00f3n<\/strong><\/h2>\n\n\n\n<p>Este martes al mediod\u00eda, voceras de la\u00a0<strong>Facultad de Administraci\u00f3n<\/strong>\u00a0solicitaron a las\u00a0<strong>autoridades universitarias<\/strong>sostener un\u00a0<strong>di\u00e1logo<\/strong>\u00a0dentro de su facultad, ubicada en\u00a0<strong>CU<\/strong>.<br>Sin embargo, los&nbsp;<strong>estudiantes<\/strong>&nbsp;que resguardan la&nbsp;<strong>puerta 14<\/strong>impidieron el acceso al director de la facultad,&nbsp;<strong>Jos\u00e9 Aurelio Cruz De los \u00c1ngeles<\/strong>, a la abogada general y a otros integrantes de la&nbsp;<strong>comisi\u00f3n de di\u00e1logo<\/strong>.<\/p>\n\n\n\n<p>Los&nbsp;<strong>estudiantes<\/strong>&nbsp;argumentaron que exist\u00eda un&nbsp;<strong>protocolo de acceso<\/strong>&nbsp;que no estaba siendo respetado.<\/p>\n\n\n\n<p>Tambi\u00e9n expresaron su&nbsp;<strong>preocupaci\u00f3n<\/strong>&nbsp;de que&nbsp;<strong>permitir la entrada de autoridades<\/strong>&nbsp;podr\u00eda representar un&nbsp;<strong>riesgo para las dem\u00e1s facultades en paro<\/strong>.<\/p>\n\n\n\n<p>En medio del debate, el&nbsp;<strong>director de la Facultad de Administraci\u00f3n<\/strong>&nbsp;insisti\u00f3 en la importancia del&nbsp;<strong>respeto<\/strong>&nbsp;y afirm\u00f3 que no intentar\u00eda ingresar hasta que los propios&nbsp;<strong>estudiantes<\/strong>&nbsp;lo permitieran, en cumplimiento de sus medidas de seguridad.&nbsp;<\/p>\n","protected":false},"excerpt":{"rendered":"<p>A casi\u00a0cuatro semanas del paro estudiantil\u00a0en Ciudad Universitaria de la Benem\u00e9rita Universidad Aut\u00f3noma de Puebla (BUAP), a\u00fan\u00a0no hay acuerdos ni di\u00e1logos\u00a0formales que permitan una\u00a0resoluci\u00f3n. El\u00a0mi\u00e9rcoles 12 de marzo\u00a0se cumplir\u00e1n\u00a0cuatro semanasdesde el inicio del\u00a0paro estudiantil, y pese a la\u00a0instalaci\u00f3n de 13 mesas\u00a0de la Comisi\u00f3n Institucional de Di\u00e1logo dentro de\u00a0CU, los\u00a0estudiantes\u00a0que mantienen la\u00a0toma de las instalaciones\u00a0no han [&hellip;]<\/p>\n","protected":false},"author":4,"featured_media":59628,"comment_status":"open","ping_status":"open","sticky":false,"template":"","format":"standard","meta":{"om_disable_all_campaigns":false,"_monsterinsights_skip_tracking":false,"_monsterinsights_sitenote_active":false,"_monsterinsights_sitenote_note":"","_monsterinsights_sitenote_category":0,"footnotes":""},"categories":[175],"tags":[186,223],"class_list":["post-59627","post","type-post","status-publish","format-standard","has-post-thumbnail","hentry","category-local","tag-buap","tag-puebla"],"amp_enabled":true,"_links":{"self":[{"href":"https:\/\/lahora.mx\/index.php\/wp-json\/wp\/v2\/posts\/59627","targetHints":{"allow":["GET"]}}],"collection":[{"href":"https:\/\/lahora.mx\/index.php\/wp-json\/wp\/v2\/posts"}],"about":[{"href":"https:\/\/lahora.mx\/index.php\/wp-json\/wp\/v2\/types\/post"}],"author":[{"embeddable":true,"href":"https:\/\/lahora.mx\/index.php\/wp-json\/wp\/v2\/users\/4"}],"replies":[{"embeddable":true,"href":"https:\/\/lahora.mx\/index.php\/wp-json\/wp\/v2\/comments?post=59627"}],"version-history":[{"count":1,"href":"https:\/\/lahora.mx\/index.php\/wp-json\/wp\/v2\/posts\/59627\/revisions"}],"predecessor-version":[{"id":59629,"href":"https:\/\/lahora.mx\/index.php\/wp-json\/wp\/v2\/posts\/59627\/revisions\/59629"}],"wp:featuredmedia":[{"embeddable":true,"href":"https:\/\/lahora.mx\/index.php\/wp-json\/wp\/v2\/media\/59628"}],"wp:attachment":[{"href":"https:\/\/lahora.mx\/index.php\/wp-json\/wp\/v2\/media?parent=59627"}],"wp:term":[{"taxonomy":"category","embeddable":true,"href":"https:\/\/lahora.mx\/index.php\/wp-json\/wp\/v2\/categories?post=59627"},{"taxonomy":"post_tag","embeddable":true,"href":"https:\/\/lahora.mx\/index.php\/wp-json\/wp\/v2\/tags?post=59627"}],"curies":[{"name":"wp","href":"https:\/\/api.w.org\/{rel}","templated":true}]}}