{"id":59621,"date":"2025-03-11T22:28:24","date_gmt":"2025-03-11T22:28:24","guid":{"rendered":"https:\/\/lahora.mx\/?p=59621"},"modified":"2025-03-11T22:28:25","modified_gmt":"2025-03-11T22:28:25","slug":"dos-manifestaciones-estrenan-el-congreso-de-puebla-en-plena-sesion","status":"publish","type":"post","link":"https:\/\/lahora.mx\/index.php\/2025\/03\/11\/dos-manifestaciones-estrenan-el-congreso-de-puebla-en-plena-sesion\/","title":{"rendered":"Dos manifestaciones estrenan el Congreso de Puebla en plena sesi\u00f3n"},"content":{"rendered":"\n<p>Dos\u00a0<strong>manifestaciones<\/strong>\u00a0se realizaron hoy a las afueras de la nueva sede del\u00a0<strong>Congreso de Puebla<\/strong>; la primera exigi\u00f3 la libertad de los\u00a0hermanos Gonz\u00e1lez Vieyra y la segunda est\u00e1 pidiendo que se detenga el programa de parqu\u00edmetros en Puebla capital.<\/p>\n\n\n\n<p>Est\u00e1s dos manifestaciones estrenaron el inmueble legislativo, ya que son las primeras que se presentan en ah\u00ed;&nbsp;<strong>ambas sucedieron el mismo d\u00eda<\/strong>, mientras los diputados locales se encontraban en sesi\u00f3n ordinaria.<\/p>\n\n\n\n<p>Los diputados solo atendieron a los\u00a0<strong>colonos<\/strong>\u00a0que buscan los\u00a0parqu\u00edmetros\u00a0no operen en cuatro nuevas zonas de la ciudad de\u00a0<strong>Puebla<\/strong>, ya que el gobierno municipal busca extender los\u00a0<strong>pol\u00edgonos de estacionamiento<\/strong>.<br><br>Mientras que los trabajadores del municipio de\u00a0<strong>Chalchicomula de Sesma<\/strong>, cuyo presidente municipal es\u00a0<strong>Uruviel<\/strong>\u00a0<strong>Gonz\u00e1lez Vieyra<\/strong>, actualmente detenido, se colocaron a las afueras del Legislativo exigiendo la liberaci\u00f3n de su edil.<\/p>\n\n\n\n<p>Las lonas de esta protesta van dirigidas hacia la diputada y dirigente de Movimiento Ciudadano en Puebla,&nbsp;<strong>Fedrha Isabel Suriano Corrales<\/strong>, a quien le piden libere al alcalde y su hermano Giovanni, alcalde de&nbsp;<strong>Tlachichuca<\/strong>, ya que ambos militan en el partido naranja.<\/p>\n\n\n\n<p>Sin embargo, hasta el momento publicar esta nota, los pobladores en manifestaci\u00f3n a las afueras del&nbsp;<strong>Congreso de Puebla<\/strong>&nbsp;se negaron a declarar cu\u00e1les son los motivos de su presencia en l\u00f1a nueva sede legislativa.<\/p>\n\n\n\n<p><strong>Uruviel Gonz\u00e1lez Vieyra<\/strong>\u00a0obtuvo prisi\u00f3n preventiva por el delito de portaci\u00f3n de armas, por lo que se encuentra en el\u00a0<strong>Penal de Tepexi de Rodr\u00edguez<\/strong>. Su hermano Giovanny sigue detenido, pero no ha sido procesado.<br><br>En audiencia al alcalde de&nbsp;<strong>Chalchicomula de Sesma<\/strong>&nbsp;lo acusaron de posesi\u00f3n de arma de fuego de uso exclusivo del&nbsp;<strong>Ej\u00e9rcito Mexicano<\/strong>, por lo que se le impuso medida de cautelar de&nbsp;<strong>prisi\u00f3n preventiva<\/strong>.<\/p>\n\n\n\n<p>Debido a que la defensa del imputado pidi\u00f3 la extensi\u00f3n del plazo constitucional para determinar su situaci\u00f3n legal, el 15 de marzo se realizar\u00e1 otra audiencia para determinar&nbsp;<strong>si ser\u00e1 vinculado a proceso<\/strong>.&nbsp;<\/p>\n","protected":false},"excerpt":{"rendered":"<p>Dos\u00a0manifestaciones\u00a0se realizaron hoy a las afueras de la nueva sede del\u00a0Congreso de Puebla; la primera exigi\u00f3 la libertad de los\u00a0hermanos Gonz\u00e1lez Vieyra y la segunda est\u00e1 pidiendo que se detenga el programa de parqu\u00edmetros en Puebla capital. Est\u00e1s dos manifestaciones estrenaron el inmueble legislativo, ya que son las primeras que se presentan en ah\u00ed;&nbsp;ambas sucedieron [&hellip;]<\/p>\n","protected":false},"author":4,"featured_media":59622,"comment_status":"open","ping_status":"open","sticky":false,"template":"","format":"standard","meta":{"om_disable_all_campaigns":false,"_monsterinsights_skip_tracking":false,"_monsterinsights_sitenote_active":false,"_monsterinsights_sitenote_note":"","_monsterinsights_sitenote_category":0,"footnotes":""},"categories":[175],"tags":[195],"class_list":["post-59621","post","type-post","status-publish","format-standard","has-post-thumbnail","hentry","category-local","tag-principal"],"amp_enabled":true,"_links":{"self":[{"href":"https:\/\/lahora.mx\/index.php\/wp-json\/wp\/v2\/posts\/59621","targetHints":{"allow":["GET"]}}],"collection":[{"href":"https:\/\/lahora.mx\/index.php\/wp-json\/wp\/v2\/posts"}],"about":[{"href":"https:\/\/lahora.mx\/index.php\/wp-json\/wp\/v2\/types\/post"}],"author":[{"embeddable":true,"href":"https:\/\/lahora.mx\/index.php\/wp-json\/wp\/v2\/users\/4"}],"replies":[{"embeddable":true,"href":"https:\/\/lahora.mx\/index.php\/wp-json\/wp\/v2\/comments?post=59621"}],"version-history":[{"count":1,"href":"https:\/\/lahora.mx\/index.php\/wp-json\/wp\/v2\/posts\/59621\/revisions"}],"predecessor-version":[{"id":59623,"href":"https:\/\/lahora.mx\/index.php\/wp-json\/wp\/v2\/posts\/59621\/revisions\/59623"}],"wp:featuredmedia":[{"embeddable":true,"href":"https:\/\/lahora.mx\/index.php\/wp-json\/wp\/v2\/media\/59622"}],"wp:attachment":[{"href":"https:\/\/lahora.mx\/index.php\/wp-json\/wp\/v2\/media?parent=59621"}],"wp:term":[{"taxonomy":"category","embeddable":true,"href":"https:\/\/lahora.mx\/index.php\/wp-json\/wp\/v2\/categories?post=59621"},{"taxonomy":"post_tag","embeddable":true,"href":"https:\/\/lahora.mx\/index.php\/wp-json\/wp\/v2\/tags?post=59621"}],"curies":[{"name":"wp","href":"https:\/\/api.w.org\/{rel}","templated":true}]}}