{"id":59615,"date":"2025-03-11T20:33:40","date_gmt":"2025-03-11T20:33:40","guid":{"rendered":"https:\/\/lahora.mx\/?p=59615"},"modified":"2025-03-11T20:33:41","modified_gmt":"2025-03-11T20:33:41","slug":"enfermeros-del-hospital-del-nino-poblano-quieren-unirse-a-imss-bienestar","status":"publish","type":"post","link":"https:\/\/lahora.mx\/index.php\/2025\/03\/11\/enfermeros-del-hospital-del-nino-poblano-quieren-unirse-a-imss-bienestar\/","title":{"rendered":"Enfermeros del Hospital del Ni\u00f1o Poblano quieren unirse a IMSS-Bienestar"},"content":{"rendered":"\n<p><strong>Enfermeros<\/strong>\u00a0que laboran en el hospital del Ni\u00f1o Poblano\u00a0se manifestaron este martes para exigir mejores condiciones laborales y la integraci\u00f3n de este centro de salud al esquema\u00a0<strong>IMSS-Bienestar<\/strong>, ya que no form\u00f3 parte de las instalaciones entregadas por el gobierno estatal al federal en 2023.<\/p>\n\n\n\n<p>Los trabajadores bloquearon el&nbsp;<strong>Bulevar del Ni\u00f1o Poblano<\/strong>&nbsp;desde las 09:00 hasta las 10:30 horas de hoy, portando lonas y pancartas en las que exig\u00edan su&nbsp;<strong>basificaci\u00f3n<\/strong>&nbsp;como parte del sistema de salud federalizado que se impuls\u00f3 desde el sexenio de&nbsp;<strong>Andr\u00e9s Manuel L\u00f3pez Obrador<\/strong>.<\/p>\n\n\n\n<p>Una de las enfermeras se\u00f1al\u00f3 que sus compa\u00f1eras que reci\u00e9n comenzaron a trabajar en las \u00e1reas del\u00a0<strong>Hospital<\/strong>, donde est\u00e1 presente IMSS-Bienestar, que son Oncolog\u00eda y Cancerolog\u00eda,\u00a0<strong>gana m\u00e1s que ella<\/strong>\u00a0y cuenta con prestaciones.<br><br>Otros trabajadores est\u00e1n contratados para\u00a0<strong>per\u00edodos de solo seis meses<\/strong>, cuentan con\u00a0<strong>salarios menores<\/strong>\u00a0y no tienen los mismos beneficios que les corresponder\u00eda conforme a la ley, por lo que piden\u00a0<strong>tambi\u00e9n ser integrados<\/strong>.<\/p>\n\n\n\n<p>\u201c<strong>Armenta ven<\/strong>, queremos platicar contigo\u201d, exclamaron algunas enfermeras, quienes se hicieron presentes en esta manifestaci\u00f3n frente a estas instalaciones y ped\u00edan la intervenci\u00f3n del gobernador de Puebla en este conflicto.<\/p>\n\n\n\n<p>Cabe se\u00f1alar que cuando el entonces gobernador&nbsp;<strong>Sergio Salom\u00f3n C\u00e9spedes<\/strong>&nbsp;<strong>Peregrina<\/strong>&nbsp;firm\u00f3 el acuerdo para federalizar el sistema de salud en Puebla, el 11 de agosto de 2023, diversos hospitales y cl\u00ednicas pasaron a formar parte del sistema creado en el sexenio anterior. Los enlistamos.<\/p>\n\n\n\n<p>CESSA de Teotipilco, Tehuac\u00e1n<\/p>\n\n\n\n<p>Hospital General del Sur<\/p>\n\n\n\n<p>Hospital General del Norte<\/p>\n\n\n\n<p>Hospital General de Cholula<\/p>\n\n\n\n<p>CESSA de San Miguel Canoa<\/p>\n\n\n\n<p>CESSA de Francisco I. Madero<\/p>\n\n\n\n<p>Hospital General de Teziutl\u00e1n<\/p>\n\n\n\n<p>Hospital de la Mujer<br><br>El\u00a0<strong>Hospital del Ni\u00f1o Poblano<\/strong>\u00a0permaneci\u00f3 bajo administraci\u00f3n del gobierno estatal a trav\u00e9s de la\u00a0<strong>Secretar\u00eda de Salud<\/strong>, con la excepci\u00f3n de las unidades de Oncolog\u00eda y Cancerolog\u00eda, las cuales fueron inauguradas reci\u00e9n.\u00a0<\/p>\n","protected":false},"excerpt":{"rendered":"<p>Enfermeros\u00a0que laboran en el hospital del Ni\u00f1o Poblano\u00a0se manifestaron este martes para exigir mejores condiciones laborales y la integraci\u00f3n de este centro de salud al esquema\u00a0IMSS-Bienestar, ya que no form\u00f3 parte de las instalaciones entregadas por el gobierno estatal al federal en 2023. Los trabajadores bloquearon el&nbsp;Bulevar del Ni\u00f1o Poblano&nbsp;desde las 09:00 hasta las 10:30 [&hellip;]<\/p>\n","protected":false},"author":4,"featured_media":59616,"comment_status":"open","ping_status":"open","sticky":false,"template":"","format":"standard","meta":{"om_disable_all_campaigns":false,"_monsterinsights_skip_tracking":false,"_monsterinsights_sitenote_active":false,"_monsterinsights_sitenote_note":"","_monsterinsights_sitenote_category":0,"footnotes":""},"categories":[175],"tags":[223],"class_list":["post-59615","post","type-post","status-publish","format-standard","has-post-thumbnail","hentry","category-local","tag-puebla"],"amp_enabled":true,"_links":{"self":[{"href":"https:\/\/lahora.mx\/index.php\/wp-json\/wp\/v2\/posts\/59615","targetHints":{"allow":["GET"]}}],"collection":[{"href":"https:\/\/lahora.mx\/index.php\/wp-json\/wp\/v2\/posts"}],"about":[{"href":"https:\/\/lahora.mx\/index.php\/wp-json\/wp\/v2\/types\/post"}],"author":[{"embeddable":true,"href":"https:\/\/lahora.mx\/index.php\/wp-json\/wp\/v2\/users\/4"}],"replies":[{"embeddable":true,"href":"https:\/\/lahora.mx\/index.php\/wp-json\/wp\/v2\/comments?post=59615"}],"version-history":[{"count":1,"href":"https:\/\/lahora.mx\/index.php\/wp-json\/wp\/v2\/posts\/59615\/revisions"}],"predecessor-version":[{"id":59617,"href":"https:\/\/lahora.mx\/index.php\/wp-json\/wp\/v2\/posts\/59615\/revisions\/59617"}],"wp:featuredmedia":[{"embeddable":true,"href":"https:\/\/lahora.mx\/index.php\/wp-json\/wp\/v2\/media\/59616"}],"wp:attachment":[{"href":"https:\/\/lahora.mx\/index.php\/wp-json\/wp\/v2\/media?parent=59615"}],"wp:term":[{"taxonomy":"category","embeddable":true,"href":"https:\/\/lahora.mx\/index.php\/wp-json\/wp\/v2\/categories?post=59615"},{"taxonomy":"post_tag","embeddable":true,"href":"https:\/\/lahora.mx\/index.php\/wp-json\/wp\/v2\/tags?post=59615"}],"curies":[{"name":"wp","href":"https:\/\/api.w.org\/{rel}","templated":true}]}}