{"id":59612,"date":"2025-03-11T20:30:10","date_gmt":"2025-03-11T20:30:10","guid":{"rendered":"https:\/\/lahora.mx\/?p=59612"},"modified":"2025-03-11T20:30:11","modified_gmt":"2025-03-11T20:30:11","slug":"chedraui-pide-a-vw-y-a-audi-fabricar-piezas-para-no-depender-de-importaciones","status":"publish","type":"post","link":"https:\/\/lahora.mx\/index.php\/2025\/03\/11\/chedraui-pide-a-vw-y-a-audi-fabricar-piezas-para-no-depender-de-importaciones\/","title":{"rendered":"Chedraui pide a VW y a Audi fabricar piezas para no depender de importaciones"},"content":{"rendered":"\n<p>El\u00a0<strong>secretario de Econom\u00eda<\/strong> estatal,\u00a0Victor Gabriel Chedraui, pidi\u00f3 a\u00a0<strong>Volkswagen y a Audi<\/strong>\u00a0que\u00a0<strong>fabriquen piezas y componentes<\/strong>\u00a0para ya no depender de las\u00a0<strong>importaciones<\/strong>.<\/p>\n\n\n\n<p>La ma\u00f1ana de este martes durante la inauguraci\u00f3n del\u00a0<strong>foro de electromovilidad<\/strong>\u00a0\u00abConstruyendo el futuro del transporte\u00bb, el secretario estatal resalt\u00f3 en su intervenci\u00f3n la\u00a0<strong>tendencia<\/strong>\u00a0que hay a nivel mundial con la fabricaci\u00f3n de autos el\u00e9ctricos.<\/p>\n\n\n\n<p>Por ello, destac\u00f3 que en\u00a0<strong>Puebla<\/strong>\u00a0el pilar de la econom\u00eda es la industria automotriz\u00a0y es una oportunidad el adoptar la\u00a0<strong>manufactura de estos veh\u00edculos<\/strong>, ya que tienen varios beneficios tanto\u00a0<strong>ambientales<\/strong>\u00a0como operativos.<\/p>\n\n\n\n<p>\u00abLa apuesta por la\u00a0<strong>producci\u00f3n de veh\u00edculos el\u00e9ctricos<\/strong>\u00a0en Puebla y en M\u00e9xico implica acelerar la\u00a0<strong>investigaci\u00f3n y fabricaci\u00f3n<\/strong>\u00a0de componentes a fin de\u00a0<strong>no depender de las importaciones<\/strong>\u00a0y desarrollar desde bicicletas, autos, trenes, hasta el\u00a0<strong>transporte p\u00fablico el\u00e9ctrico<\/strong>\u00ab, expuso el secretario de Econom\u00eda.<br><br>Asimismo, se\u00f1al\u00f3 que&nbsp;<strong>Puebla<\/strong>&nbsp;forma parte del&nbsp;<strong>Plan M\u00e9xico<\/strong>&nbsp;que anunci\u00f3 la presidenta Claudia Sheinbaum y es importante que se aproveche para&nbsp;<strong>impulsar la econom\u00eda<\/strong>.<\/p>\n\n\n\n<p>De acuerdo con&nbsp;<strong>V\u00edctor Gabriel Chedraui<\/strong>, tambi\u00e9n para que esto funcione se debe ampliar la&nbsp;<strong>infraestructura de carga<\/strong>, promover incentivos gubernamentales y financiamiento.<\/p>\n","protected":false},"excerpt":{"rendered":"<p>El\u00a0secretario de Econom\u00eda estatal,\u00a0Victor Gabriel Chedraui, pidi\u00f3 a\u00a0Volkswagen y a Audi\u00a0que\u00a0fabriquen piezas y componentes\u00a0para ya no depender de las\u00a0importaciones. La ma\u00f1ana de este martes durante la inauguraci\u00f3n del\u00a0foro de electromovilidad\u00a0\u00abConstruyendo el futuro del transporte\u00bb, el secretario estatal resalt\u00f3 en su intervenci\u00f3n la\u00a0tendencia\u00a0que hay a nivel mundial con la fabricaci\u00f3n de autos el\u00e9ctricos. Por ello, destac\u00f3 [&hellip;]<\/p>\n","protected":false},"author":4,"featured_media":59613,"comment_status":"open","ping_status":"open","sticky":false,"template":"","format":"standard","meta":{"om_disable_all_campaigns":false,"_monsterinsights_skip_tracking":false,"_monsterinsights_sitenote_active":false,"_monsterinsights_sitenote_note":"","_monsterinsights_sitenote_category":0,"footnotes":""},"categories":[175],"tags":[223],"class_list":["post-59612","post","type-post","status-publish","format-standard","has-post-thumbnail","hentry","category-local","tag-puebla"],"amp_enabled":true,"_links":{"self":[{"href":"https:\/\/lahora.mx\/index.php\/wp-json\/wp\/v2\/posts\/59612","targetHints":{"allow":["GET"]}}],"collection":[{"href":"https:\/\/lahora.mx\/index.php\/wp-json\/wp\/v2\/posts"}],"about":[{"href":"https:\/\/lahora.mx\/index.php\/wp-json\/wp\/v2\/types\/post"}],"author":[{"embeddable":true,"href":"https:\/\/lahora.mx\/index.php\/wp-json\/wp\/v2\/users\/4"}],"replies":[{"embeddable":true,"href":"https:\/\/lahora.mx\/index.php\/wp-json\/wp\/v2\/comments?post=59612"}],"version-history":[{"count":1,"href":"https:\/\/lahora.mx\/index.php\/wp-json\/wp\/v2\/posts\/59612\/revisions"}],"predecessor-version":[{"id":59614,"href":"https:\/\/lahora.mx\/index.php\/wp-json\/wp\/v2\/posts\/59612\/revisions\/59614"}],"wp:featuredmedia":[{"embeddable":true,"href":"https:\/\/lahora.mx\/index.php\/wp-json\/wp\/v2\/media\/59613"}],"wp:attachment":[{"href":"https:\/\/lahora.mx\/index.php\/wp-json\/wp\/v2\/media?parent=59612"}],"wp:term":[{"taxonomy":"category","embeddable":true,"href":"https:\/\/lahora.mx\/index.php\/wp-json\/wp\/v2\/categories?post=59612"},{"taxonomy":"post_tag","embeddable":true,"href":"https:\/\/lahora.mx\/index.php\/wp-json\/wp\/v2\/tags?post=59612"}],"curies":[{"name":"wp","href":"https:\/\/api.w.org\/{rel}","templated":true}]}}