{"id":59609,"date":"2025-03-11T20:26:20","date_gmt":"2025-03-11T20:26:20","guid":{"rendered":"https:\/\/lahora.mx\/?p=59609"},"modified":"2025-03-11T20:26:21","modified_gmt":"2025-03-11T20:26:21","slug":"comercios-frente-a-cu-cierran-por-bajas-ventas-tras-paro-estudiantil","status":"publish","type":"post","link":"https:\/\/lahora.mx\/index.php\/2025\/03\/11\/comercios-frente-a-cu-cierran-por-bajas-ventas-tras-paro-estudiantil\/","title":{"rendered":"Comercios frente a CU cierran por bajas ventas tras paro estudiantil"},"content":{"rendered":"\n<p>Al menos\u00a0<strong>15 negocios<\/strong>\u00a0en inmediaciones de la Ciudad Universitaria de la Benem\u00e9rita Universidad Aut\u00f3noma de Puebla (<strong>BUAP<\/strong>) han tenido que cerrar debido a la dr\u00e1stica ca\u00edda en sus ventas, tras cuatro semanas de comenzado el\u00a0paro estudiantil.<\/p>\n\n\n\n<p>En las avenidas como bulevar 18 Sur y San Claudio se contabilizan al menos&nbsp;<strong>ocho comercios<\/strong>&nbsp;que ya bajaron sus cortinas.<\/p>\n\n\n\n<p>Los pocos que\u00a0<strong>a\u00fan permanecen abiertos<\/strong>\u00a0enfrentan una baja afluencia de clientes y\u00a0<strong>operan con p\u00e9rdidas<\/strong>, a la espera de que la situaci\u00f3n se normalice.<br><strong>Papeler\u00edas y cafeter\u00edas, entre los m\u00e1s afectados<\/strong><\/p>\n\n\n\n<p>Las&nbsp;<strong>papeler\u00edas<\/strong>&nbsp;de la zona que atend\u00edan a la comunidad universitaria,&nbsp;<strong>antes del paro<\/strong>&nbsp;<strong>estudiantil<\/strong>&nbsp;registraban una alta demanda de sus servicios, expresaron para e-consulta. Ahora&nbsp;<strong>tienen miedo cerrar<\/strong>, ya que sus ingresos cayeron hasta 60 por ciento.<\/p>\n\n\n\n<p>Aunque algunos negocios intentaron diversificar sus actividades para no depender exclusivamente del\u00a0<strong>consumo del estudiantado y trabajadores de la BUAP<\/strong>, la ausencia de alumnos golpe\u00f3 severo su flujo de ingresos.<\/p>\n\n\n\n<p>\u00abUn estudiante gasta en promedio\u00a0<strong>entre 10 y 150 pesos diarios<\/strong>\u00a0en productos de papeler\u00eda, y esa cantidad ahora simplemente no est\u00e1 entrando\u00bb, coment\u00f3 un comerciante afectado.<br><br>Los&nbsp;<strong>negocios de bebidas<\/strong>&nbsp;tampoco escapan de la baja en ventas. Alicia, propietaria de una tienda de t\u00e9 boba en&nbsp;<strong>avenida San Claudio<\/strong>, asegur\u00f3 que&nbsp;<strong>sus ventas se desplomaron<\/strong>.<\/p>\n\n\n\n<p>\u201cAntes vend\u00eda m\u00e1s de&nbsp;<strong>70 bebidas al d\u00eda<\/strong>, ahora con suerte llego a 15\u201d, comparti\u00f3 en entrevista con&nbsp;<strong>e-consulta<\/strong>.<\/p>\n\n\n\n<p>El impacto de la crisis comercial derivada de la falta de actividades escolares por el&nbsp;<strong>paro estudiantil<\/strong>&nbsp;de la&nbsp;<strong>BUAP<\/strong>&nbsp;no solo afecta a los due\u00f1os de los sitios, tambi\u00e9n a sus empleados que dependen de estos ingresos.<\/p>\n\n\n\n<p>En el caso de Alicia, su negocio sostiene a\u00a0<strong>cinco trabajadores<\/strong>, por lo que el cierre del local dejar\u00eda a al menos\u00a0<strong>cinco familias sin sustento<\/strong>.<br><br><strong>Sin fecha para el regreso a clases presenciales<\/strong><\/p>\n\n\n\n<p>Hasta el momento de publicar esta nota&nbsp;<strong>no hay una fecha establecida<\/strong>&nbsp;para la reanudaci\u00f3n de actividades en&nbsp;<strong>Ciudad Universitaria<\/strong>&nbsp;ni en las otras facultades de la&nbsp;<strong>BUAP<\/strong>&nbsp;que se encuentra en&nbsp;<strong>paro<\/strong>.<\/p>\n\n\n\n<p>La falta de di\u00e1logo entre alumnos y autoridades mantiene la incertidumbre, lo que agrava la situaci\u00f3n econ\u00f3mica de los&nbsp;<strong>comerciantes de la zona<\/strong>, acusan.<\/p>\n\n\n\n<p>Algunos propietarios advierten que si en pr\u00f3ximos d\u00edas\u00a0<strong>no hay se\u00f1ales de reactivaci\u00f3n<\/strong>, se ver\u00e1n obligados a\u00a0<strong>cerrar sus establecimientos<\/strong>; \u201cEs insostenible seguir abiertos sin clientes. La renta, la luz, el agua y los sueldos siguen corriendo\u201d, se\u00f1al\u00f3 uno de los propietarios.<br>Mientras tanto, los pasillos y avenidas que antes estaban llenos de\u00a0<strong>vida universitaria<\/strong>\u00a0hoy lucen vac\u00edos, reflejando una situaci\u00f3n que no solo afecta a los estudiantes, sino tambi\u00e9n a la\u00a0<strong>econom\u00eda local<\/strong>.<\/p>\n","protected":false},"excerpt":{"rendered":"<p>Al menos\u00a015 negocios\u00a0en inmediaciones de la Ciudad Universitaria de la Benem\u00e9rita Universidad Aut\u00f3noma de Puebla (BUAP) han tenido que cerrar debido a la dr\u00e1stica ca\u00edda en sus ventas, tras cuatro semanas de comenzado el\u00a0paro estudiantil. En las avenidas como bulevar 18 Sur y San Claudio se contabilizan al menos&nbsp;ocho comercios&nbsp;que ya bajaron sus cortinas. Los [&hellip;]<\/p>\n","protected":false},"author":4,"featured_media":59610,"comment_status":"open","ping_status":"open","sticky":false,"template":"","format":"standard","meta":{"om_disable_all_campaigns":false,"_monsterinsights_skip_tracking":false,"_monsterinsights_sitenote_active":false,"_monsterinsights_sitenote_note":"","_monsterinsights_sitenote_category":0,"footnotes":""},"categories":[175],"tags":[186,223],"class_list":["post-59609","post","type-post","status-publish","format-standard","has-post-thumbnail","hentry","category-local","tag-buap","tag-puebla"],"amp_enabled":true,"_links":{"self":[{"href":"https:\/\/lahora.mx\/index.php\/wp-json\/wp\/v2\/posts\/59609","targetHints":{"allow":["GET"]}}],"collection":[{"href":"https:\/\/lahora.mx\/index.php\/wp-json\/wp\/v2\/posts"}],"about":[{"href":"https:\/\/lahora.mx\/index.php\/wp-json\/wp\/v2\/types\/post"}],"author":[{"embeddable":true,"href":"https:\/\/lahora.mx\/index.php\/wp-json\/wp\/v2\/users\/4"}],"replies":[{"embeddable":true,"href":"https:\/\/lahora.mx\/index.php\/wp-json\/wp\/v2\/comments?post=59609"}],"version-history":[{"count":1,"href":"https:\/\/lahora.mx\/index.php\/wp-json\/wp\/v2\/posts\/59609\/revisions"}],"predecessor-version":[{"id":59611,"href":"https:\/\/lahora.mx\/index.php\/wp-json\/wp\/v2\/posts\/59609\/revisions\/59611"}],"wp:featuredmedia":[{"embeddable":true,"href":"https:\/\/lahora.mx\/index.php\/wp-json\/wp\/v2\/media\/59610"}],"wp:attachment":[{"href":"https:\/\/lahora.mx\/index.php\/wp-json\/wp\/v2\/media?parent=59609"}],"wp:term":[{"taxonomy":"category","embeddable":true,"href":"https:\/\/lahora.mx\/index.php\/wp-json\/wp\/v2\/categories?post=59609"},{"taxonomy":"post_tag","embeddable":true,"href":"https:\/\/lahora.mx\/index.php\/wp-json\/wp\/v2\/tags?post=59609"}],"curies":[{"name":"wp","href":"https:\/\/api.w.org\/{rel}","templated":true}]}}