{"id":59578,"date":"2025-03-10T23:42:08","date_gmt":"2025-03-10T23:42:08","guid":{"rendered":"https:\/\/lahora.mx\/?p=59578"},"modified":"2025-03-10T23:42:09","modified_gmt":"2025-03-10T23:42:09","slug":"crimen-organizado-tenia-camaras-de-vigilancia-en-amozoc-y-san-martin","status":"publish","type":"post","link":"https:\/\/lahora.mx\/index.php\/2025\/03\/10\/crimen-organizado-tenia-camaras-de-vigilancia-en-amozoc-y-san-martin\/","title":{"rendered":"Crimen organizado ten\u00eda c\u00e1maras de vigilancia en Amozoc y San Mart\u00edn"},"content":{"rendered":"\n<p>El secretario de\u00a0<strong>Seguridad P\u00fablica<\/strong>\u00a0estatal,\u00a0<strong>Francisco S\u00e1nchez<\/strong>, inform\u00f3 sobre el hallazgo de c\u00e1maras de vigilancia, presuntamente utilizadas por grupos delictivos, en los municipios de\u00a0<strong>Amozoc<\/strong>\u00a0y\u00a0<strong>San Mart\u00edn Texmelucan<\/strong>.<\/p>\n\n\n\n<p>En entrevista posterior a la conferencia matutina del gobernador&nbsp;<strong>Alejandro Armenta<\/strong>, el titular de la&nbsp;<strong>SSP<\/strong>&nbsp;se\u00f1al\u00f3 que \u00aba\u00fan estamos trabajando en campo con otros municipios\u00bb donde se sospecha que podr\u00edan encontrarse m\u00e1s de estos dispositivos.<\/p>\n\n\n\n<p>Sin embargo, destac\u00f3 que la tarea no es sencilla, advirtiendo que \u00abno crean que las c\u00e1maras est\u00e1n colocadas de manera muy evidente\u00bb, por lo que contin\u00faan las&nbsp;<strong>labores para localizarlas<\/strong>.<\/p>\n\n\n\n<p>Anticip\u00f3 que la pr\u00f3xima semana podr\u00eda ofrecer m\u00e1s detalles sobre el tema, aunque adelant\u00f3 que estos equipos podr\u00edan estar relacionados con asaltos carreteros\u00a0a transportistas.<br>Por otro lado, el funcionario asegur\u00f3 que\u00a0<strong>Puebla<\/strong>\u00a0cuenta con la capacidad para operar las\u00a0<strong>200 c\u00e1maras de vigilancia<\/strong>\u00a0en el corredor de la autopista\u00a0<strong>M\u00e9xico-Puebla<\/strong>, como previamente anunci\u00f3 el jefe de gabinete,\u00a0<strong>Jos\u00e9 Luis Garc\u00eda Parra<\/strong>.<\/p>\n\n\n\n<p>Adem\u00e1s, revel\u00f3 que existen planes para fortalecer la infraestructura y tecnolog\u00eda\u00a0del\u00a0<strong>Complejo Metropolitano de Seguridad<\/strong>, actualmente un\u00a0<strong>C5<\/strong>, con el objetivo de convertirlo en un\u00a0<strong>C6 o C7<\/strong>, lo que posicionar\u00eda a la entidad entre las pocas en\u00a0<strong>M\u00e9xico<\/strong>\u00a0con este nivel de desarrollo.\u00a0<\/p>\n","protected":false},"excerpt":{"rendered":"<p>El secretario de\u00a0Seguridad P\u00fablica\u00a0estatal,\u00a0Francisco S\u00e1nchez, inform\u00f3 sobre el hallazgo de c\u00e1maras de vigilancia, presuntamente utilizadas por grupos delictivos, en los municipios de\u00a0Amozoc\u00a0y\u00a0San Mart\u00edn Texmelucan. En entrevista posterior a la conferencia matutina del gobernador&nbsp;Alejandro Armenta, el titular de la&nbsp;SSP&nbsp;se\u00f1al\u00f3 que \u00aba\u00fan estamos trabajando en campo con otros municipios\u00bb donde se sospecha que podr\u00edan encontrarse m\u00e1s de [&hellip;]<\/p>\n","protected":false},"author":4,"featured_media":59579,"comment_status":"open","ping_status":"open","sticky":false,"template":"","format":"standard","meta":{"om_disable_all_campaigns":false,"_monsterinsights_skip_tracking":false,"_monsterinsights_sitenote_active":false,"_monsterinsights_sitenote_note":"","_monsterinsights_sitenote_category":0,"footnotes":""},"categories":[176,226],"tags":[223],"class_list":["post-59578","post","type-post","status-publish","format-standard","has-post-thumbnail","hentry","category-nacional","category-policia","tag-puebla"],"amp_enabled":true,"_links":{"self":[{"href":"https:\/\/lahora.mx\/index.php\/wp-json\/wp\/v2\/posts\/59578","targetHints":{"allow":["GET"]}}],"collection":[{"href":"https:\/\/lahora.mx\/index.php\/wp-json\/wp\/v2\/posts"}],"about":[{"href":"https:\/\/lahora.mx\/index.php\/wp-json\/wp\/v2\/types\/post"}],"author":[{"embeddable":true,"href":"https:\/\/lahora.mx\/index.php\/wp-json\/wp\/v2\/users\/4"}],"replies":[{"embeddable":true,"href":"https:\/\/lahora.mx\/index.php\/wp-json\/wp\/v2\/comments?post=59578"}],"version-history":[{"count":1,"href":"https:\/\/lahora.mx\/index.php\/wp-json\/wp\/v2\/posts\/59578\/revisions"}],"predecessor-version":[{"id":59580,"href":"https:\/\/lahora.mx\/index.php\/wp-json\/wp\/v2\/posts\/59578\/revisions\/59580"}],"wp:featuredmedia":[{"embeddable":true,"href":"https:\/\/lahora.mx\/index.php\/wp-json\/wp\/v2\/media\/59579"}],"wp:attachment":[{"href":"https:\/\/lahora.mx\/index.php\/wp-json\/wp\/v2\/media?parent=59578"}],"wp:term":[{"taxonomy":"category","embeddable":true,"href":"https:\/\/lahora.mx\/index.php\/wp-json\/wp\/v2\/categories?post=59578"},{"taxonomy":"post_tag","embeddable":true,"href":"https:\/\/lahora.mx\/index.php\/wp-json\/wp\/v2\/tags?post=59578"}],"curies":[{"name":"wp","href":"https:\/\/api.w.org\/{rel}","templated":true}]}}