{"id":59575,"date":"2025-03-10T23:39:36","date_gmt":"2025-03-10T23:39:36","guid":{"rendered":"https:\/\/lahora.mx\/?p=59575"},"modified":"2025-03-10T23:39:36","modified_gmt":"2025-03-10T23:39:36","slug":"hermanos-gonzalez-vieyra-presos-en-el-penal-de-tepexi-de-rodriguez","status":"publish","type":"post","link":"https:\/\/lahora.mx\/index.php\/2025\/03\/10\/hermanos-gonzalez-vieyra-presos-en-el-penal-de-tepexi-de-rodriguez\/","title":{"rendered":"Hermanos Gonz\u00e1lez Vieyra presos en el penal de Tepexi de Rodr\u00edguez"},"content":{"rendered":"\n<p>Luego de ser relacionados con\u00a0<strong>delitos del fuero com\u00fan y federal<\/strong>,\u00a0Uruviel y Giovanni Gonz\u00e1lez Vieyra, presidentes municipales de\u00a0<strong>Ciudad Serd\u00e1n y Tlachichuca<\/strong>, respectivamente, que fueron trasladados al\u00a0<strong>penal de Tepexi de Rodr\u00edguez<\/strong>, tendr\u00e1n una\u00a0<strong>audiencia de control<\/strong>\u00a0en las pr\u00f3ximas horas.<\/p>\n\n\n\n<p>El 7 de marzo, mediante un\u00a0<strong>operativo<\/strong>\u00a0en el municipio de\u00a0<strong>Tlachichuca<\/strong>, fueron detenidos los hermanos Uruviel y Giovanni Gonz\u00e1lez Vieyra, quienes son alcaldes de Ciudad Serd\u00e1n, Tlachichuca; mientras que pobladores impidieron el arresto de su hermano\u00a0<strong>Ramiro<\/strong>, quien es edil de\u00a0<strong>San Nicol\u00e1s Buenos Aires<\/strong>.<\/p>\n\n\n\n<p>Asimismo, se inform\u00f3 de la&nbsp;<strong>detenci\u00f3n<\/strong>&nbsp;de&nbsp;<strong>Ramiro Gonz\u00e1lez Navarro<\/strong>,&nbsp;<strong>padre de los alcaldes<\/strong>&nbsp;y quien tambi\u00e9n fue presidente municipal de Tlachichuca.<\/p>\n\n\n\n<p>De acuerdo con\u00a0<strong>versiones extraoficiales<\/strong>, los detenidos\u00a0est\u00e1n relacionados con delitos como robo a transportista,\u00a0<strong>posesi\u00f3n ilegal de armas y tr\u00e1fico de animales ex\u00f3ticos<\/strong>, evidencia que las autoridades obtuvieron durante el\u00a0<strong>cateo a tres inmuebles de su propiedad<\/strong>, uno de ellos conocido como el\u00a0<strong>rancho \u2018El Cristo\u2019<\/strong>.<br><br>Seg\u00fan\u00a0<strong>habitantes<\/strong>\u00a0del municipio de\u00a0<strong>San Nicol\u00e1s Buenos Aires<\/strong>,\u00a0<strong>pobladores<\/strong>\u00a0impidieron que\u00a0<strong>fuera arrestado Ramiro Gonz\u00e1lez Vieyra\u00a0<\/strong>y explicaron que el\u00a0<strong>pap\u00e1 de los alcaldes<\/strong>\u00a0<strong>recuper\u00f3 su libertad<\/strong>\u00a0durante la madrugada del 8 de marzo.<\/p>\n\n\n\n<p>Despu\u00e9s del arresto,&nbsp;<strong>Uruviel y Giovanni Gonz\u00e1lez Vieyra<\/strong>&nbsp;fueron&nbsp;<strong>trasladados<\/strong>&nbsp;a las instalaciones de la Fiscal\u00eda Especializada en Investigaci\u00f3n de Secuestro y Extorsi\u00f3n (<strong>FEISE<\/strong>) y, durante&nbsp;<strong>el fin de semana<\/strong>, los llevaron al&nbsp;<strong>penal de Tepexi de Rodr\u00edguez<\/strong>.<\/p>\n\n\n\n<p><strong>Uruviel Gonz\u00e1lez Vieyra<\/strong>, de 42 a\u00f1os de edad, por segunda vez es&nbsp;<strong>presidente municipal de Ciudad Serd\u00e1n<\/strong>, pues en 2018 fue candidato a una diputaci\u00f3n local por el extinto partido&nbsp;<strong>Compromiso por Puebla<\/strong>.<\/p>\n\n\n\n<p>Durante las pasadas elecciones,\u00a0<strong>Giovanni Gonz\u00e1lez Vieyra<\/strong>result\u00f3 reelecto como\u00a0<strong>presidente municipal de Tlachichuca<\/strong>.<br><br>Hasta la edici\u00f3n de esta nota, las\u00a0<strong>autoridades no han informado<\/strong>el motivo de la\u00a0detenci\u00f3n de los hermanos Gonz\u00e1lez Vieyra, operativo en donde participaron elementos de la Secretar\u00eda de la Defensa Nacional (<strong>Defensa<\/strong>),\u00a0<strong>Marina<\/strong>\u00a0y de la Fiscal\u00eda General del Estado (<strong>FGE<\/strong>) de Puebla.<\/p>\n","protected":false},"excerpt":{"rendered":"<p>Luego de ser relacionados con\u00a0delitos del fuero com\u00fan y federal,\u00a0Uruviel y Giovanni Gonz\u00e1lez Vieyra, presidentes municipales de\u00a0Ciudad Serd\u00e1n y Tlachichuca, respectivamente, que fueron trasladados al\u00a0penal de Tepexi de Rodr\u00edguez, tendr\u00e1n una\u00a0audiencia de control\u00a0en las pr\u00f3ximas horas. El 7 de marzo, mediante un\u00a0operativo\u00a0en el municipio de\u00a0Tlachichuca, fueron detenidos los hermanos Uruviel y Giovanni Gonz\u00e1lez Vieyra, quienes [&hellip;]<\/p>\n","protected":false},"author":4,"featured_media":59576,"comment_status":"open","ping_status":"open","sticky":false,"template":"","format":"standard","meta":{"om_disable_all_campaigns":false,"_monsterinsights_skip_tracking":false,"_monsterinsights_sitenote_active":false,"_monsterinsights_sitenote_note":"","_monsterinsights_sitenote_category":0,"footnotes":""},"categories":[175,226],"tags":[195],"class_list":["post-59575","post","type-post","status-publish","format-standard","has-post-thumbnail","hentry","category-local","category-policia","tag-principal"],"amp_enabled":true,"_links":{"self":[{"href":"https:\/\/lahora.mx\/index.php\/wp-json\/wp\/v2\/posts\/59575","targetHints":{"allow":["GET"]}}],"collection":[{"href":"https:\/\/lahora.mx\/index.php\/wp-json\/wp\/v2\/posts"}],"about":[{"href":"https:\/\/lahora.mx\/index.php\/wp-json\/wp\/v2\/types\/post"}],"author":[{"embeddable":true,"href":"https:\/\/lahora.mx\/index.php\/wp-json\/wp\/v2\/users\/4"}],"replies":[{"embeddable":true,"href":"https:\/\/lahora.mx\/index.php\/wp-json\/wp\/v2\/comments?post=59575"}],"version-history":[{"count":1,"href":"https:\/\/lahora.mx\/index.php\/wp-json\/wp\/v2\/posts\/59575\/revisions"}],"predecessor-version":[{"id":59577,"href":"https:\/\/lahora.mx\/index.php\/wp-json\/wp\/v2\/posts\/59575\/revisions\/59577"}],"wp:featuredmedia":[{"embeddable":true,"href":"https:\/\/lahora.mx\/index.php\/wp-json\/wp\/v2\/media\/59576"}],"wp:attachment":[{"href":"https:\/\/lahora.mx\/index.php\/wp-json\/wp\/v2\/media?parent=59575"}],"wp:term":[{"taxonomy":"category","embeddable":true,"href":"https:\/\/lahora.mx\/index.php\/wp-json\/wp\/v2\/categories?post=59575"},{"taxonomy":"post_tag","embeddable":true,"href":"https:\/\/lahora.mx\/index.php\/wp-json\/wp\/v2\/tags?post=59575"}],"curies":[{"name":"wp","href":"https:\/\/api.w.org\/{rel}","templated":true}]}}