{"id":59571,"date":"2025-03-10T23:31:23","date_gmt":"2025-03-10T23:31:23","guid":{"rendered":"https:\/\/lahora.mx\/?p=59571"},"modified":"2025-03-10T23:31:24","modified_gmt":"2025-03-10T23:31:24","slug":"un-muerto-tras-rina-de-choferes-de-la-ruta-s10-y-s5-en-azumiatla","status":"publish","type":"post","link":"https:\/\/lahora.mx\/index.php\/2025\/03\/10\/un-muerto-tras-rina-de-choferes-de-la-ruta-s10-y-s5-en-azumiatla\/","title":{"rendered":"Un muerto tras ri\u00f1a de choferes de la ruta S10 Y S5 en Azumiatla"},"content":{"rendered":"\n<p>Pese a esta situaci\u00f3n,\u00a0<strong>el l\u00edder sindical asegur\u00f3 que antes de llegar a los despido<\/strong>s, se agotaron todos los recursos posibles para proteger los derechos laborales de los colaboradores.\u00a0<br>Dijo que muchos de ellos fueron trasladados a otras plantas del pa\u00eds, como a la de\u00a0<strong>San Luis Potos\u00ed y Nuevo Le\u00f3n, con el fin de reforzar los diferentes proyectos que tienen all\u00e1,\u00a0<\/strong>y as\u00ed, mantener las fuentes de trabajo.\u00a0<a href=\"https:\/\/oem.com.mx\/elsoldepuebla\/finanzas\/audi-duplica-su-exportacion-y-volkswagen-se-desploma-en-primer-bimestre-de-2025-22043372\"><a href=\"https:\/\/oem.com.mx\/elsoldepuebla\/finanzas\/audi-duplica-su-exportacion-y-volkswagen-se-desploma-en-primer-bimestre-de-2025-22043372\"><\/p>\n\n\n\n<p>\u201c<em>Agotamos todos los recursos antes de llegar a los despidos. Pero tambi\u00e9n ya acabaron los proyectos de las otras plantas y es momento de las bajas (\u2026) Quiero aclarar que a todos estos compa\u00f1eros se les est\u00e1 liquidando muy bien, con m\u00e1s del 100 por ciento de lo que les corresponde\u201d,&nbsp;<\/em>agreg\u00f3.&nbsp;<\/p>\n\n\n\n<p><strong>Faurecia es una empresa francesa que dise\u00f1a, fabrica y comercializa componentes para autom\u00f3viles<\/strong>, como fundas para asientos, puertas, tableros, escapes y salpicaderas.<br><br>Varios choferes y vecinos se resguardaron en la escuela Secundaria L\u00e1zaro C\u00e1rdenas para evitar la agresi\u00f3n.&nbsp;<strong>Sin embargo, Esteban de 52 a\u00f1os, fue brutalmente golpeado y trasladado de emergencia al Hospital General del Sur<\/strong>, donde minutos despu\u00e9s perdi\u00f3 la vida.&nbsp;<\/p>\n\n\n\n<p>Otro hombre,&nbsp;<strong>cuya identidad no ha sido revelada, tambi\u00e9n sufri\u00f3 heridas graves y recibi\u00f3 atenci\u00f3n m\u00e9dica<\/strong>.<\/p>\n\n\n\n<p>Las vialidades fueron cerradas y&nbsp;<strong>el servicio del transporte p\u00fablico de ambas l\u00edneas fue suspendido<\/strong>.<\/p>\n\n\n\n<p>Agentes de la Secretar\u00eda de Seguridad Ciudadana (SSC),\u00a0<strong>elementos ministeriales y param\u00e9dicos se movilizaron al sitio, donde no lograron detener a ninguno de los involucrado<\/strong>s.<br><br>A su vez,\u00a0<strong>la presidenta de la referida junta auxiliar, junto con una comitiva de la Ruta S5 se trasladaron a la Secretar\u00eda de Movilidad para llegar a un arreglo<\/strong>, mientras dos patrullas municipales se quedaron al resguardo de la entrada a Azumiatla y sobre la calle 11 Sur, dijo la fuente consultada.<\/p>\n","protected":false},"excerpt":{"rendered":"<p>Pese a esta situaci\u00f3n,\u00a0el l\u00edder sindical asegur\u00f3 que antes de llegar a los despidos, se agotaron todos los recursos posibles para proteger los derechos laborales de los colaboradores.\u00a0Dijo que muchos de ellos fueron trasladados a otras plantas del pa\u00eds, como a la de\u00a0San Luis Potos\u00ed y Nuevo Le\u00f3n, con el fin de reforzar los diferentes [&hellip;]<\/p>\n","protected":false},"author":4,"featured_media":59573,"comment_status":"open","ping_status":"open","sticky":false,"template":"","format":"standard","meta":{"om_disable_all_campaigns":false,"_monsterinsights_skip_tracking":false,"_monsterinsights_sitenote_active":false,"_monsterinsights_sitenote_note":"","_monsterinsights_sitenote_category":0,"footnotes":""},"categories":[175,226],"tags":[223],"class_list":["post-59571","post","type-post","status-publish","format-standard","has-post-thumbnail","hentry","category-local","category-policia","tag-puebla"],"amp_enabled":true,"_links":{"self":[{"href":"https:\/\/lahora.mx\/index.php\/wp-json\/wp\/v2\/posts\/59571","targetHints":{"allow":["GET"]}}],"collection":[{"href":"https:\/\/lahora.mx\/index.php\/wp-json\/wp\/v2\/posts"}],"about":[{"href":"https:\/\/lahora.mx\/index.php\/wp-json\/wp\/v2\/types\/post"}],"author":[{"embeddable":true,"href":"https:\/\/lahora.mx\/index.php\/wp-json\/wp\/v2\/users\/4"}],"replies":[{"embeddable":true,"href":"https:\/\/lahora.mx\/index.php\/wp-json\/wp\/v2\/comments?post=59571"}],"version-history":[{"count":1,"href":"https:\/\/lahora.mx\/index.php\/wp-json\/wp\/v2\/posts\/59571\/revisions"}],"predecessor-version":[{"id":59574,"href":"https:\/\/lahora.mx\/index.php\/wp-json\/wp\/v2\/posts\/59571\/revisions\/59574"}],"wp:featuredmedia":[{"embeddable":true,"href":"https:\/\/lahora.mx\/index.php\/wp-json\/wp\/v2\/media\/59573"}],"wp:attachment":[{"href":"https:\/\/lahora.mx\/index.php\/wp-json\/wp\/v2\/media?parent=59571"}],"wp:term":[{"taxonomy":"category","embeddable":true,"href":"https:\/\/lahora.mx\/index.php\/wp-json\/wp\/v2\/categories?post=59571"},{"taxonomy":"post_tag","embeddable":true,"href":"https:\/\/lahora.mx\/index.php\/wp-json\/wp\/v2\/tags?post=59571"}],"curies":[{"name":"wp","href":"https:\/\/api.w.org\/{rel}","templated":true}]}}