{"id":59568,"date":"2025-03-10T23:28:23","date_gmt":"2025-03-10T23:28:23","guid":{"rendered":"https:\/\/lahora.mx\/?p=59568"},"modified":"2025-03-10T23:28:24","modified_gmt":"2025-03-10T23:28:24","slug":"faurecia-puebla-despedira-a-120-trabajadores-este-mes","status":"publish","type":"post","link":"https:\/\/lahora.mx\/index.php\/2025\/03\/10\/faurecia-puebla-despedira-a-120-trabajadores-este-mes\/","title":{"rendered":"Faurecia Puebla despedir\u00e1 a 120 trabajadores este mes"},"content":{"rendered":"\n<p>La proveedora de autopartes Forvia\u00a0<strong>Faurecia,<\/strong>\u00a0con sede en el\u00a0Parque Industrial Finsa<strong>\u00a0<\/strong>de Puebla,\u00a0<strong>despedir\u00e1 durante el mes de marzo a 120 trabajadores por falta de proyectos\u00a0<\/strong>con sus principales clientes: Volkswagen, Nissan y Stellantis.<br><br>En entrevista con este medio,<strong>\u00a0Iv\u00e1n Gonz\u00e1lez, secretario general del Sindicato Nacional de Ensambladoras,<\/strong>\u00a0dio a conocer que esta situaci\u00f3n ha hecho que la<strong>\u00a0compa\u00f1\u00eda tenga constantes paros t\u00e9cnicos\u00a0<\/strong>y no pueda mantener el 100 por ciento de su plantilla laboral.<br>Explic\u00f3 que, entre el jueves y viernes de la semana pasada,\u00a0<strong>ya se termin\u00f3 la relaci\u00f3n laboral con al menos 50 t\u00e9cnicos.<\/strong>\u00a0Los otros 70 contratos se ir\u00e1n concluyendo en el transcurso del mes.<br><br>Pese a esta situaci\u00f3n,\u00a0<strong>el l\u00edder sindical asegur\u00f3 que antes de llegar a los despido<\/strong>s, se agotaron todos los recursos posibles para proteger los derechos laborales de los colaboradores.\u00a0<br>Dijo que muchos de ellos fueron trasladados a otras plantas del pa\u00eds, como a la de\u00a0<strong>San Luis Potos\u00ed y Nuevo Le\u00f3n, con el fin de reforzar los diferentes proyectos que tienen all\u00e1,\u00a0<\/strong>y as\u00ed, mantener las fuentes de trabajo.\u00a0<\/p>\n\n\n\n<p><a href=\"https:\/\/oem.com.mx\/elsoldepuebla\/finanzas\/audi-duplica-su-exportacion-y-volkswagen-se-desploma-en-primer-bimestre-de-2025-22043372\"><\/a><a href=\"https:\/\/oem.com.mx\/elsoldepuebla\/finanzas\/audi-duplica-su-exportacion-y-volkswagen-se-desploma-en-primer-bimestre-de-2025-22043372\"><\/a><\/p>\n\n\n\n<p>\u201c<em>Agotamos todos los recursos antes de llegar a los despidos. Pero tambi\u00e9n ya acabaron los proyectos de las otras plantas y es momento de las bajas (\u2026) Quiero aclarar que a todos estos compa\u00f1eros se les est\u00e1 liquidando muy bien, con m\u00e1s del 100 por ciento de lo que les corresponde\u201d,&nbsp;<\/em>agreg\u00f3.&nbsp;<\/p>\n\n\n\n<p><strong>Faurecia es una empresa francesa que dise\u00f1a, fabrica y comercializa componentes para autom\u00f3viles<\/strong>, como fundas para asientos, puertas, tableros, escapes y salpicaderas.<\/p>\n","protected":false},"excerpt":{"rendered":"<p>La proveedora de autopartes Forvia\u00a0Faurecia,\u00a0con sede en el\u00a0Parque Industrial Finsa\u00a0de Puebla,\u00a0despedir\u00e1 durante el mes de marzo a 120 trabajadores por falta de proyectos\u00a0con sus principales clientes: Volkswagen, Nissan y Stellantis. En entrevista con este medio,\u00a0Iv\u00e1n Gonz\u00e1lez, secretario general del Sindicato Nacional de Ensambladoras,\u00a0dio a conocer que esta situaci\u00f3n ha hecho que la\u00a0compa\u00f1\u00eda tenga constantes paros [&hellip;]<\/p>\n","protected":false},"author":4,"featured_media":59569,"comment_status":"open","ping_status":"open","sticky":false,"template":"","format":"standard","meta":{"om_disable_all_campaigns":false,"_monsterinsights_skip_tracking":false,"_monsterinsights_sitenote_active":false,"_monsterinsights_sitenote_note":"","_monsterinsights_sitenote_category":0,"footnotes":""},"categories":[175],"tags":[223],"class_list":["post-59568","post","type-post","status-publish","format-standard","has-post-thumbnail","hentry","category-local","tag-puebla"],"amp_enabled":true,"_links":{"self":[{"href":"https:\/\/lahora.mx\/index.php\/wp-json\/wp\/v2\/posts\/59568","targetHints":{"allow":["GET"]}}],"collection":[{"href":"https:\/\/lahora.mx\/index.php\/wp-json\/wp\/v2\/posts"}],"about":[{"href":"https:\/\/lahora.mx\/index.php\/wp-json\/wp\/v2\/types\/post"}],"author":[{"embeddable":true,"href":"https:\/\/lahora.mx\/index.php\/wp-json\/wp\/v2\/users\/4"}],"replies":[{"embeddable":true,"href":"https:\/\/lahora.mx\/index.php\/wp-json\/wp\/v2\/comments?post=59568"}],"version-history":[{"count":1,"href":"https:\/\/lahora.mx\/index.php\/wp-json\/wp\/v2\/posts\/59568\/revisions"}],"predecessor-version":[{"id":59570,"href":"https:\/\/lahora.mx\/index.php\/wp-json\/wp\/v2\/posts\/59568\/revisions\/59570"}],"wp:featuredmedia":[{"embeddable":true,"href":"https:\/\/lahora.mx\/index.php\/wp-json\/wp\/v2\/media\/59569"}],"wp:attachment":[{"href":"https:\/\/lahora.mx\/index.php\/wp-json\/wp\/v2\/media?parent=59568"}],"wp:term":[{"taxonomy":"category","embeddable":true,"href":"https:\/\/lahora.mx\/index.php\/wp-json\/wp\/v2\/categories?post=59568"},{"taxonomy":"post_tag","embeddable":true,"href":"https:\/\/lahora.mx\/index.php\/wp-json\/wp\/v2\/tags?post=59568"}],"curies":[{"name":"wp","href":"https:\/\/api.w.org\/{rel}","templated":true}]}}