{"id":59565,"date":"2025-03-10T23:14:11","date_gmt":"2025-03-10T23:14:11","guid":{"rendered":"https:\/\/lahora.mx\/?p=59565"},"modified":"2025-03-10T23:14:12","modified_gmt":"2025-03-10T23:14:12","slug":"se-instalan-13-mesas-de-dialogo-para-atender-demandas-estudiantiles-en-la-buap","status":"publish","type":"post","link":"https:\/\/lahora.mx\/index.php\/2025\/03\/10\/se-instalan-13-mesas-de-dialogo-para-atender-demandas-estudiantiles-en-la-buap\/","title":{"rendered":"Se instalan 13 mesas de di\u00e1logo para atender demandas estudiantiles en la BUAP"},"content":{"rendered":"\n<p><strong>Lilia Cedillo Ram\u00edrez, rectora de la Benem\u00e9rita Universidad Aut\u00f3noma de Puebla (BUAP)<\/strong>, instal\u00f3 este lunes 13 mesas de di\u00e1logo en Ciudad Universitaria para recibir los pliegos petitorios de las y los estudiantes en paro.<\/p>\n\n\n\n<p>Como resultado de la resoluci\u00f3n emitida por el Consejo Universitario de la BUAP el pasado jueves,<strong>autoridades acad\u00e9micas habilitaron estos espacios con el objetivo de atender las demandas del estudiantado<\/strong>.<\/p>\n\n\n\n<p>De acuerdo con Cedillo Ram\u00edrez,\u00a0<strong>cada mesa est\u00e1 integrada por personal docente y autoridades universitarias<\/strong>.<br><br><q>Vamos a estar aqu\u00ed, esperando a que los chicos salgan y est\u00e9n dispuestos a dialogar. De cualquier manera, esas demandas ya las tenemos y ya estamos trabajando en ellas, para que podamos irlas atendiendo<\/q>Declar\u00f3 la rectora<br>Como parte de la instalaci\u00f3n de estos espacios, ubicados en distintos accesos de Ciudad Universitaria,\u00a0<strong>la rectora recorri\u00f3 al menos tres entradas sobre las avenidas San Claudio y 14 Sur\u00a0<\/strong>para informar a la comunidad estudiantil sobre su disponibilidad.<br><\/p>\n\n\n\n<p>Asimismo, mencion\u00f3 que instruy\u00f3 a las comisiones de di\u00e1logo a iniciar el trabajo sobre las peticiones recibidas:<strong><em>&nbsp;\u201cHe dado la indicaci\u00f3n a las y los compa\u00f1eros de las comisiones de di\u00e1logo que imaginen que ya est\u00e1n frente a los chicos para empezar a trabajar en las demandas y empezar a darles curso\u201d<\/em><\/strong>.<\/p>\n\n\n\n<p>Durante el recorrido,&nbsp;<strong>Cedillo Ram\u00edrez se encontr\u00f3 con un grupo de estudiantes de diversas facultades y programas acad\u00e9micos de la BUAP<\/strong>.<\/p>\n\n\n\n<p>En el intercambio,&nbsp;<strong>algunos alumnos cuestionaron su ausencia en distintos momentos desde el inicio del paro<\/strong>, que comenz\u00f3 el 25 de febrero en la Facultad de Medicina.<\/p>\n\n\n\n<p>Ante ello, la rectora se\u00f1al\u00f3 que,\u00a0<strong>si bien no ha acudido presencialmente a todos los di\u00e1logos, ha designado personalmente a funcionarios para atender sus peticione<\/strong>s, con el objetivo de avanzar en la resoluci\u00f3n del conflicto de forma adecuada.<br><br>Tambi\u00e9n&nbsp;<strong>afirm\u00f3 que estaba dispuesta a dialogar en ese momento si as\u00ed lo decid\u00edan las y los estudiantes presentes<\/strong>.<\/p>\n\n\n\n<p>No obstante,<strong>&nbsp;estos se\u00f1alaron que no estaban preparados para la conversaci\u00f3n y criticaron que las autoridades acad\u00e9micas<\/strong>&nbsp;acudieran sin previo aviso.<\/p>\n\n\n\n<p><strong>Un estudiante de la Facultad de Econom\u00eda pidi\u00f3 a la rectora que ofreciera disculpas por haber llegado de manera inesperada<\/strong>, a lo que accedi\u00f3.<\/p>\n\n\n\n<p>Cedillo Ram\u00edrez propuso entonces que las&nbsp;<strong>y los estudiantes se coordinaran con sus voceros para definir un horario de reuni\u00f3n con las autoridades universitaria<\/strong>s.<\/p>\n\n\n\n<p>En ese sentido, pidi\u00f3 que,<strong>&nbsp;una vez que se establecieran los horarios, se informara al personal en las mesas de di\u00e1logo para formalizar el encuentro<\/strong>.<\/p>\n\n\n\n<p>Tras la conversaci\u00f3n, l<strong>a rectora opt\u00f3 por retirarse de manera anticipada de su recorrido por los accesos de Ciudad Universitaria<\/strong>.<br><br>Indic\u00f3 que su intenci\u00f3n no era generar una confrontaci\u00f3n y&nbsp;<strong>que prefer\u00eda dejar el espacio para que las y los estudiantes organizaran la presentaci\u00f3n de sus pliegos petitorios<\/strong>.<\/p>\n\n\n\n<p>El paro estudiantil en la BUAP<strong>, que inici\u00f3 el 25 de febrero, sigue en espera de acuerdos entre las y los alumnos<\/strong>&nbsp;y las autoridades universitarias.<\/p>\n\n\n\n<p><\/p>\n","protected":false},"excerpt":{"rendered":"<p>Lilia Cedillo Ram\u00edrez, rectora de la Benem\u00e9rita Universidad Aut\u00f3noma de Puebla (BUAP), instal\u00f3 este lunes 13 mesas de di\u00e1logo en Ciudad Universitaria para recibir los pliegos petitorios de las y los estudiantes en paro. Como resultado de la resoluci\u00f3n emitida por el Consejo Universitario de la BUAP el pasado jueves,autoridades acad\u00e9micas habilitaron estos espacios con [&hellip;]<\/p>\n","protected":false},"author":4,"featured_media":59566,"comment_status":"open","ping_status":"open","sticky":false,"template":"","format":"standard","meta":{"om_disable_all_campaigns":false,"_monsterinsights_skip_tracking":false,"_monsterinsights_sitenote_active":false,"_monsterinsights_sitenote_note":"","_monsterinsights_sitenote_category":0,"footnotes":""},"categories":[175],"tags":[186,195,223],"class_list":["post-59565","post","type-post","status-publish","format-standard","has-post-thumbnail","hentry","category-local","tag-buap","tag-principal","tag-puebla"],"amp_enabled":true,"_links":{"self":[{"href":"https:\/\/lahora.mx\/index.php\/wp-json\/wp\/v2\/posts\/59565","targetHints":{"allow":["GET"]}}],"collection":[{"href":"https:\/\/lahora.mx\/index.php\/wp-json\/wp\/v2\/posts"}],"about":[{"href":"https:\/\/lahora.mx\/index.php\/wp-json\/wp\/v2\/types\/post"}],"author":[{"embeddable":true,"href":"https:\/\/lahora.mx\/index.php\/wp-json\/wp\/v2\/users\/4"}],"replies":[{"embeddable":true,"href":"https:\/\/lahora.mx\/index.php\/wp-json\/wp\/v2\/comments?post=59565"}],"version-history":[{"count":1,"href":"https:\/\/lahora.mx\/index.php\/wp-json\/wp\/v2\/posts\/59565\/revisions"}],"predecessor-version":[{"id":59567,"href":"https:\/\/lahora.mx\/index.php\/wp-json\/wp\/v2\/posts\/59565\/revisions\/59567"}],"wp:featuredmedia":[{"embeddable":true,"href":"https:\/\/lahora.mx\/index.php\/wp-json\/wp\/v2\/media\/59566"}],"wp:attachment":[{"href":"https:\/\/lahora.mx\/index.php\/wp-json\/wp\/v2\/media?parent=59565"}],"wp:term":[{"taxonomy":"category","embeddable":true,"href":"https:\/\/lahora.mx\/index.php\/wp-json\/wp\/v2\/categories?post=59565"},{"taxonomy":"post_tag","embeddable":true,"href":"https:\/\/lahora.mx\/index.php\/wp-json\/wp\/v2\/tags?post=59565"}],"curies":[{"name":"wp","href":"https:\/\/api.w.org\/{rel}","templated":true}]}}