{"id":59543,"date":"2025-03-10T16:47:08","date_gmt":"2025-03-10T16:47:08","guid":{"rendered":"https:\/\/lahora.mx\/?p=59543"},"modified":"2025-03-10T16:49:13","modified_gmt":"2025-03-10T16:49:13","slug":"arancara-el-programa-de-sep-federal-vive-saludable-vive-feliz-en-puebla","status":"publish","type":"post","link":"https:\/\/lahora.mx\/index.php\/2025\/03\/10\/arancara-el-programa-de-sep-federal-vive-saludable-vive-feliz-en-puebla\/","title":{"rendered":"Arancar\u00e1 el programa de SEP federal Vive saludable, vive feliz en Puebla"},"content":{"rendered":"\n<p>El pr\u00f3ximo mi\u00e9rcoles&nbsp;<strong>12 de marzo<\/strong>, el titular de la&nbsp;<strong>Secretar\u00eda de Educaci\u00f3n P\u00fablica<\/strong>&nbsp;(SEP),&nbsp;<strong>Mario Delgado<\/strong>, estar\u00e1 en&nbsp;<strong>Puebla<\/strong>&nbsp;para poner en marcha el programa&nbsp;<strong>\u00abVive saludable, vive feliz\u00bb<\/strong>.<\/p>\n\n\n\n<p>As\u00ed lo inform\u00f3 este lunes durante la ma\u00f1anera del pueblo de la presidenta&nbsp;<strong>Claudia Sheinbaum<\/strong>, al comentar que ser\u00e1 un&nbsp;<strong>arranque simult\u00e1neo<\/strong>&nbsp;en las distintas entidades.<\/p>\n\n\n\n<p>\u00abYa es este\u00a0<strong>mi\u00e9rcoles<\/strong>\u00a0cuando arrancamos la estrategia\u00a0<strong>&#8216;Vive saludable, vive feliz\u2019<\/strong>\u00a0(&#8230;) Yo voy a\u00a0<strong>arrancar en Morelos<\/strong>\u00a0con la gobernadora\u00a0<strong>Margarita<\/strong>\u00a0y despu\u00e9s en\u00a0<strong>Puebla<\/strong>\u00a0con el gobernador\u00a0<strong>Armenta<\/strong>\u00ab, coment\u00f3.<br>En el caso de&nbsp;<strong>Puebla<\/strong>, explic\u00f3 que estar\u00e1 acompa\u00f1ado del gobernador&nbsp;<strong>Alejandro Armenta<\/strong>&nbsp;para iniciar una de estas jornadas en una&nbsp;<strong>escuela primaria.<\/strong><\/p>\n\n\n\n<p>El funcionario federal detall\u00f3 que este&nbsp;<strong>programa<\/strong>&nbsp;tiene como objetivo&nbsp;<strong>realizar pl\u00e1ticas<\/strong>&nbsp;y brindar&nbsp;<strong>atenci\u00f3n m\u00e9dica a los menores<\/strong>; en total se visitar\u00e1n en el pa\u00eds&nbsp;<strong>90 mil 832 escuelas&nbsp;<\/strong>y se atender\u00e1n a&nbsp;<strong>11.8 millones de estudiantes<\/strong>.<\/p>\n\n\n\n<p>La&nbsp;<strong>pl\u00e1tica<\/strong>&nbsp;que se impartir\u00e1 est\u00e1 enfocada en tener una&nbsp;<strong>vida saludable<\/strong>, mientras que la&nbsp;<strong>atenci\u00f3n m\u00e9dica<\/strong>&nbsp;ir\u00e1 desde una&nbsp;<strong>revisi\u00f3n bucal, peso y talla<\/strong>, as\u00ed como examen de vista.<\/p>\n\n\n\n<p>Asimismo, el titular de la\u00a0<strong>SEP<\/strong>\u00a0comparti\u00f3 que todos los\u00a0<strong>resultados<\/strong>que se obtengan se ir\u00e1n al\u00a0<strong>&#8216;Expediente Digital de Salud Escolar&#8217;<\/strong>que tendr\u00e1 cada ni\u00f1o de manera individual y as\u00ed\u00a0<strong>monitorear la salud de los menores<\/strong>.<br>Tambi\u00e9n hizo una\u00a0<strong>invitaci\u00f3n<\/strong>\u00a0a ingresar a la p\u00e1gina\u00a0<a href=\"http:\/\/vidasaludable.gob.mx\/\">vidasaludable.gob.mx<\/a>\u00a0en donde los\u00a0<strong>padres de familia<\/strong>\u00a0pueden encontrar\u00a0<strong>recetas saludables<\/strong>, rutinas f\u00edsicas y material informativo sobre h\u00e1bitos saludables.\u00a0<\/p>\n","protected":false},"excerpt":{"rendered":"<p>El pr\u00f3ximo mi\u00e9rcoles&nbsp;12 de marzo, el titular de la&nbsp;Secretar\u00eda de Educaci\u00f3n P\u00fablica&nbsp;(SEP),&nbsp;Mario Delgado, estar\u00e1 en&nbsp;Puebla&nbsp;para poner en marcha el programa&nbsp;\u00abVive saludable, vive feliz\u00bb. As\u00ed lo inform\u00f3 este lunes durante la ma\u00f1anera del pueblo de la presidenta&nbsp;Claudia Sheinbaum, al comentar que ser\u00e1 un&nbsp;arranque simult\u00e1neo&nbsp;en las distintas entidades. \u00abYa es este\u00a0mi\u00e9rcoles\u00a0cuando arrancamos la estrategia\u00a0&#8216;Vive saludable, vive feliz\u2019\u00a0(&#8230;) [&hellip;]<\/p>\n","protected":false},"author":4,"featured_media":59544,"comment_status":"open","ping_status":"open","sticky":false,"template":"","format":"standard","meta":{"om_disable_all_campaigns":false,"_monsterinsights_skip_tracking":false,"_monsterinsights_sitenote_active":false,"_monsterinsights_sitenote_note":"","_monsterinsights_sitenote_category":0,"footnotes":""},"categories":[175],"tags":[],"class_list":["post-59543","post","type-post","status-publish","format-standard","has-post-thumbnail","hentry","category-local"],"amp_enabled":true,"_links":{"self":[{"href":"https:\/\/lahora.mx\/index.php\/wp-json\/wp\/v2\/posts\/59543","targetHints":{"allow":["GET"]}}],"collection":[{"href":"https:\/\/lahora.mx\/index.php\/wp-json\/wp\/v2\/posts"}],"about":[{"href":"https:\/\/lahora.mx\/index.php\/wp-json\/wp\/v2\/types\/post"}],"author":[{"embeddable":true,"href":"https:\/\/lahora.mx\/index.php\/wp-json\/wp\/v2\/users\/4"}],"replies":[{"embeddable":true,"href":"https:\/\/lahora.mx\/index.php\/wp-json\/wp\/v2\/comments?post=59543"}],"version-history":[{"count":2,"href":"https:\/\/lahora.mx\/index.php\/wp-json\/wp\/v2\/posts\/59543\/revisions"}],"predecessor-version":[{"id":59546,"href":"https:\/\/lahora.mx\/index.php\/wp-json\/wp\/v2\/posts\/59543\/revisions\/59546"}],"wp:featuredmedia":[{"embeddable":true,"href":"https:\/\/lahora.mx\/index.php\/wp-json\/wp\/v2\/media\/59544"}],"wp:attachment":[{"href":"https:\/\/lahora.mx\/index.php\/wp-json\/wp\/v2\/media?parent=59543"}],"wp:term":[{"taxonomy":"category","embeddable":true,"href":"https:\/\/lahora.mx\/index.php\/wp-json\/wp\/v2\/categories?post=59543"},{"taxonomy":"post_tag","embeddable":true,"href":"https:\/\/lahora.mx\/index.php\/wp-json\/wp\/v2\/tags?post=59543"}],"curies":[{"name":"wp","href":"https:\/\/api.w.org\/{rel}","templated":true}]}}