{"id":59520,"date":"2025-03-09T21:47:57","date_gmt":"2025-03-09T21:47:57","guid":{"rendered":"https:\/\/lahora.mx\/?p=59520"},"modified":"2025-03-09T21:47:57","modified_gmt":"2025-03-09T21:47:57","slug":"estos-son-los-5-puntos-que-propone-sheinbaum-para-fortalecer-la-economia","status":"publish","type":"post","link":"https:\/\/lahora.mx\/index.php\/2025\/03\/09\/estos-son-los-5-puntos-que-propone-sheinbaum-para-fortalecer-la-economia\/","title":{"rendered":"Estos son los 5 puntos que propone Sheinbaum para fortalecer la econom\u00eda"},"content":{"rendered":"\n<p>Al agradecer a empresarias y empresarios que \u201ccon sentido patriota y responsabilidad social\u201d han apoyado \u201cen estos momentos cruciales\u201d, la presidenta Claudia Sheinbaum Pardo \u00a0plante\u00f3 seguir con cinco puntos para fortalecer la econom\u00eda.\u00a0<\/p>\n\n\n\n<p>En su festival-asamblea que convoc\u00f3 este domingo 9 de marzo en el\u00a0Z\u00f3calo de la Ciudad de M\u00e9xico, Sheinbaum Pardo indic\u00f3 que M\u00e9xico debe seguir fortaleciendo la econom\u00eda basada en el humanismo mexicano: \u201cLa que viene desde abajo, la que hizo posible el presidente\u00a0Andr\u00e9s Manuel L\u00f3pez Obrador. Se demostr\u00f3 con creces que regar la econom\u00eda de arriba genera pobreza y desigualdad. En cambio, cuando se riega desde abajo, M\u00e9xico florece\u201d.<\/p>\n\n\n\n<h2 class=\"wp-block-heading\">Los cinco puntos que propone Sheinbaum<\/h2>\n\n\n\n<p>Ante las y los asistentes, la titular del Ejecutivo federal mencion\u00f3 la estrategia con cinco puntos:<br>Como punto uno, mencion\u00f3 el fortalecimiento del mercado interno, que significa seguir aumentando el<strong>\u00a0salario m\u00ednimo <\/strong>y el bienestar de nuestro pueblo. Tambi\u00e9n ampliar la autosuficiencia en alimentos b\u00e1sicos y en energ\u00e9ticos: \u201cQue se produzca en M\u00e9xico lo que consumimos en M\u00e9xico, lo principal\u201d.\u00a0<\/p>\n\n\n\n<p>\u201cPromover la inversi\u00f3n p\u00fablica para impulsar la creaci\u00f3n de empleos. Ya inician este y el pr\u00f3ximo mes la construcci\u00f3n de trenes de M\u00e9xico a Nuevo Laredo, y de M\u00e9xico a Nogales. Carreteras, obras de agua, de beneficio social y en un mill\u00f3n de viviendas para el pueblo de M\u00e9xico al que nos comprometimos\u201d, dijo como tercer punto.&nbsp;<\/p>\n\n\n\n<p>\u201cPromover la producci\u00f3n nacional para el mercado interno con el Plan M\u00e9xico\u201d, se\u00f1al\u00f3 como punto cuatro.<br>Como quinto punto, se\u00f1al\u00f3 el fortalecer la base del proyecto: Los<strong>programas de Bienestar<\/strong>, la Pensi\u00f3n para personas Adultas Mayores, las becas, el apoyo a Personas con Discapacidad,\u00a0<strong>Sembrando Vida<\/strong>, Producci\u00f3n para el Bienestar y Fertilizantes Gratuitos, as\u00ed como Mujeres Bienestar, la Beca Rita Cetina\u00a0y el Programa Salud Casa por Casa.<\/p>\n","protected":false},"excerpt":{"rendered":"<p>Al agradecer a empresarias y empresarios que \u201ccon sentido patriota y responsabilidad social\u201d han apoyado \u201cen estos momentos cruciales\u201d, la presidenta Claudia Sheinbaum Pardo \u00a0plante\u00f3 seguir con cinco puntos para fortalecer la econom\u00eda.\u00a0 En su festival-asamblea que convoc\u00f3 este domingo 9 de marzo en el\u00a0Z\u00f3calo de la Ciudad de M\u00e9xico, Sheinbaum Pardo indic\u00f3 que M\u00e9xico [&hellip;]<\/p>\n","protected":false},"author":4,"featured_media":59521,"comment_status":"open","ping_status":"open","sticky":false,"template":"","format":"standard","meta":{"om_disable_all_campaigns":false,"_monsterinsights_skip_tracking":false,"_monsterinsights_sitenote_active":false,"_monsterinsights_sitenote_note":"","_monsterinsights_sitenote_category":0,"footnotes":""},"categories":[176],"tags":[223],"class_list":["post-59520","post","type-post","status-publish","format-standard","has-post-thumbnail","hentry","category-nacional","tag-puebla"],"amp_enabled":true,"_links":{"self":[{"href":"https:\/\/lahora.mx\/index.php\/wp-json\/wp\/v2\/posts\/59520","targetHints":{"allow":["GET"]}}],"collection":[{"href":"https:\/\/lahora.mx\/index.php\/wp-json\/wp\/v2\/posts"}],"about":[{"href":"https:\/\/lahora.mx\/index.php\/wp-json\/wp\/v2\/types\/post"}],"author":[{"embeddable":true,"href":"https:\/\/lahora.mx\/index.php\/wp-json\/wp\/v2\/users\/4"}],"replies":[{"embeddable":true,"href":"https:\/\/lahora.mx\/index.php\/wp-json\/wp\/v2\/comments?post=59520"}],"version-history":[{"count":1,"href":"https:\/\/lahora.mx\/index.php\/wp-json\/wp\/v2\/posts\/59520\/revisions"}],"predecessor-version":[{"id":59522,"href":"https:\/\/lahora.mx\/index.php\/wp-json\/wp\/v2\/posts\/59520\/revisions\/59522"}],"wp:featuredmedia":[{"embeddable":true,"href":"https:\/\/lahora.mx\/index.php\/wp-json\/wp\/v2\/media\/59521"}],"wp:attachment":[{"href":"https:\/\/lahora.mx\/index.php\/wp-json\/wp\/v2\/media?parent=59520"}],"wp:term":[{"taxonomy":"category","embeddable":true,"href":"https:\/\/lahora.mx\/index.php\/wp-json\/wp\/v2\/categories?post=59520"},{"taxonomy":"post_tag","embeddable":true,"href":"https:\/\/lahora.mx\/index.php\/wp-json\/wp\/v2\/tags?post=59520"}],"curies":[{"name":"wp","href":"https:\/\/api.w.org\/{rel}","templated":true}]}}