{"id":59511,"date":"2025-03-09T21:22:53","date_gmt":"2025-03-09T21:22:53","guid":{"rendered":"https:\/\/lahora.mx\/?p=59511"},"modified":"2025-03-09T21:22:54","modified_gmt":"2025-03-09T21:22:54","slug":"durante-un-periodo-de-10-anos-nadie-reclamo-los-cuerpos-de-61-menores-en-puebla","status":"publish","type":"post","link":"https:\/\/lahora.mx\/index.php\/2025\/03\/09\/durante-un-periodo-de-10-anos-nadie-reclamo-los-cuerpos-de-61-menores-en-puebla\/","title":{"rendered":"Durante un periodo de 10 a\u00f1os, nadie reclam\u00f3 los cuerpos de 61 menores en Puebla"},"content":{"rendered":"\n<p>En los \u00faltimos 10 a\u00f1os, el\u00a0<strong>Servicio M\u00e9dico Forense (Semefo)<\/strong>\u00a0report\u00f3 que los\u00a0<strong>restos de 61 menores de edad<\/strong>\u00a0no fueron reclamados por sus\u00a0<strong>familiares<\/strong>, seg\u00fan una solicitud de informaci\u00f3n a la Fiscal\u00eda General del Estado (FGE).<\/p>\n\n\n\n<p>Los restos de los 61 menores fueron recogidos por el Semefo&nbsp;<strong>entre 2014 y 2024<\/strong>, pertenec\u00edan a&nbsp;<strong>fetos de dos hasta nueve meses de edad<\/strong>, beb\u00e9s reci\u00e9n nacidos,&nbsp;<strong>ni\u00f1os de 5 a 6 a\u00f1os<\/strong>&nbsp;y adolescentes.<\/p>\n\n\n\n<p>El art\u00edculo 347 de la&nbsp;<strong>Ley General de Salud de M\u00e9xico<\/strong>&nbsp;indica que los&nbsp;<strong>cad\u00e1veres que no sean reclamados&nbsp;<\/strong>en las 72 horas posteriores a la p\u00e9rdida de la vida ser\u00e1n identificados como&nbsp;<strong>personas desconocidas<\/strong>.<\/p>\n\n\n\n<p>Los datos oficiales indican que\u00a0<strong>en 2014<\/strong>\u00a0no fueron reclamados los\u00a0<strong>restos de dos fetos y de cuatro reci\u00e9n nacidos<\/strong>, mientras que en\u00a0<strong>2015<\/strong>\u00a0nadie reclam\u00f3 los restos de\u00a0<strong>un feto de 23 semanas de gestaci\u00f3n<\/strong>\u00a0y los cuerpos de tres reci\u00e9n nacidos y de un\u00a0<strong>adolescente de 16 a\u00f1os<\/strong>.<br>En&nbsp;<strong>2016<\/strong>&nbsp;hubo&nbsp;<strong>cinco casos<\/strong>&nbsp;m\u00e1s de restos y cuerpos de menores no reclamados en comparaci\u00f3n con 2015, ya que nadie acudi\u00f3 a la Semefo a identificar los restos de&nbsp;<strong>seis reci\u00e9n nacidos<\/strong>&nbsp;y cuatro adolescentes que ten\u00edan entre 14 a 17 a\u00f1os.<\/p>\n\n\n\n<p>En s\u00ed, el&nbsp;<strong>2016<\/strong>&nbsp;fue el a\u00f1o en el que hubo&nbsp;<strong>m\u00e1s cuerpos sin ser reclamados<\/strong>&nbsp;durante el periodo de 2014 a 2024.<\/p>\n\n\n\n<p>Para&nbsp;<strong>2017<\/strong>&nbsp;hubo&nbsp;<strong>siete menores de edad sin identificar<\/strong>, de los cuales cuatro eran fetos, dos beb\u00e9s y&nbsp;<a href=\"https:\/\/www.e-consulta.com\/nota\/2025-02-28\/seguridad\/feminicidios-del-primer-bimestre-de-2025-superan-los-de-2024-y-2023\" target=\"_blank\" rel=\"noreferrer noopener\">una ni\u00f1a de 5 a\u00f1os<\/a>.<\/p>\n\n\n\n<p>En&nbsp;<strong>2018<\/strong>&nbsp;los casos de&nbsp;<strong>menores sin identificar<\/strong>&nbsp;disminuyeron en comparaci\u00f3n de 2017, ya que \u00fanicamente un&nbsp;<strong>feto de 38 semanas<\/strong>y un adolescente de 16 a\u00f1os no fueron reclamados por sus familiares.<\/p>\n","protected":false},"excerpt":{"rendered":"<p>En los \u00faltimos 10 a\u00f1os, el\u00a0Servicio M\u00e9dico Forense (Semefo)\u00a0report\u00f3 que los\u00a0restos de 61 menores de edad\u00a0no fueron reclamados por sus\u00a0familiares, seg\u00fan una solicitud de informaci\u00f3n a la Fiscal\u00eda General del Estado (FGE). Los restos de los 61 menores fueron recogidos por el Semefo&nbsp;entre 2014 y 2024, pertenec\u00edan a&nbsp;fetos de dos hasta nueve meses de edad, [&hellip;]<\/p>\n","protected":false},"author":4,"featured_media":59512,"comment_status":"open","ping_status":"open","sticky":false,"template":"","format":"standard","meta":{"om_disable_all_campaigns":false,"_monsterinsights_skip_tracking":false,"_monsterinsights_sitenote_active":false,"_monsterinsights_sitenote_note":"","_monsterinsights_sitenote_category":0,"footnotes":""},"categories":[175],"tags":[223],"class_list":["post-59511","post","type-post","status-publish","format-standard","has-post-thumbnail","hentry","category-local","tag-puebla"],"amp_enabled":true,"_links":{"self":[{"href":"https:\/\/lahora.mx\/index.php\/wp-json\/wp\/v2\/posts\/59511","targetHints":{"allow":["GET"]}}],"collection":[{"href":"https:\/\/lahora.mx\/index.php\/wp-json\/wp\/v2\/posts"}],"about":[{"href":"https:\/\/lahora.mx\/index.php\/wp-json\/wp\/v2\/types\/post"}],"author":[{"embeddable":true,"href":"https:\/\/lahora.mx\/index.php\/wp-json\/wp\/v2\/users\/4"}],"replies":[{"embeddable":true,"href":"https:\/\/lahora.mx\/index.php\/wp-json\/wp\/v2\/comments?post=59511"}],"version-history":[{"count":1,"href":"https:\/\/lahora.mx\/index.php\/wp-json\/wp\/v2\/posts\/59511\/revisions"}],"predecessor-version":[{"id":59513,"href":"https:\/\/lahora.mx\/index.php\/wp-json\/wp\/v2\/posts\/59511\/revisions\/59513"}],"wp:featuredmedia":[{"embeddable":true,"href":"https:\/\/lahora.mx\/index.php\/wp-json\/wp\/v2\/media\/59512"}],"wp:attachment":[{"href":"https:\/\/lahora.mx\/index.php\/wp-json\/wp\/v2\/media?parent=59511"}],"wp:term":[{"taxonomy":"category","embeddable":true,"href":"https:\/\/lahora.mx\/index.php\/wp-json\/wp\/v2\/categories?post=59511"},{"taxonomy":"post_tag","embeddable":true,"href":"https:\/\/lahora.mx\/index.php\/wp-json\/wp\/v2\/tags?post=59511"}],"curies":[{"name":"wp","href":"https:\/\/api.w.org\/{rel}","templated":true}]}}