{"id":59498,"date":"2025-03-09T17:10:06","date_gmt":"2025-03-09T17:10:06","guid":{"rendered":"https:\/\/lahora.mx\/?p=59498"},"modified":"2025-03-09T17:10:07","modified_gmt":"2025-03-09T17:10:07","slug":"logran-controlar-incendio-en-la-zona-de-los-fuertes","status":"publish","type":"post","link":"https:\/\/lahora.mx\/index.php\/2025\/03\/09\/logran-controlar-incendio-en-la-zona-de-los-fuertes\/","title":{"rendered":"Logran controlar incendio en la zona de Los Fuertes"},"content":{"rendered":"\n<p>De acuerdo a los elementos de Bomberos, el fuego se origin\u00f3 por la quema de madera seca y basura.<\/p>\n\n\n\n<p><strong>La ma\u00f1ana de este domingo, un incendio se registr\u00f3 en la zona de Los Fuertes, justo frente al Fuerte de Loreto en Puebla.<\/strong><\/p>\n\n\n\n<p>A trav\u00e9s de redes sociales, usuarios difundieron im\u00e1genes y videos donde se observa una densa columna de humo elev\u00e1ndose, acompa\u00f1ada de llamas que avanzan r\u00e1pidamente debido a las condiciones clim\u00e1ticas.<\/p>\n\n\n\n<p><strong>Testigos se\u00f1alaron que el fuego comenz\u00f3 cerca de \u00e1reas verdes, generando preocupaci\u00f3n por la posible afectaci\u00f3n a la flora y fauna locales.&nbsp;<\/strong><\/p>\n","protected":false},"excerpt":{"rendered":"<p>De acuerdo a los elementos de Bomberos, el fuego se origin\u00f3 por la quema de madera seca y basura. La ma\u00f1ana de este domingo, un incendio se registr\u00f3 en la zona de Los Fuertes, justo frente al Fuerte de Loreto en Puebla. A trav\u00e9s de redes sociales, usuarios difundieron im\u00e1genes y videos donde se observa [&hellip;]<\/p>\n","protected":false},"author":4,"featured_media":59499,"comment_status":"open","ping_status":"open","sticky":false,"template":"","format":"standard","meta":{"om_disable_all_campaigns":false,"_monsterinsights_skip_tracking":false,"_monsterinsights_sitenote_active":false,"_monsterinsights_sitenote_note":"","_monsterinsights_sitenote_category":0,"footnotes":""},"categories":[175,226],"tags":[],"class_list":["post-59498","post","type-post","status-publish","format-standard","has-post-thumbnail","hentry","category-local","category-policia"],"amp_enabled":true,"_links":{"self":[{"href":"https:\/\/lahora.mx\/index.php\/wp-json\/wp\/v2\/posts\/59498","targetHints":{"allow":["GET"]}}],"collection":[{"href":"https:\/\/lahora.mx\/index.php\/wp-json\/wp\/v2\/posts"}],"about":[{"href":"https:\/\/lahora.mx\/index.php\/wp-json\/wp\/v2\/types\/post"}],"author":[{"embeddable":true,"href":"https:\/\/lahora.mx\/index.php\/wp-json\/wp\/v2\/users\/4"}],"replies":[{"embeddable":true,"href":"https:\/\/lahora.mx\/index.php\/wp-json\/wp\/v2\/comments?post=59498"}],"version-history":[{"count":1,"href":"https:\/\/lahora.mx\/index.php\/wp-json\/wp\/v2\/posts\/59498\/revisions"}],"predecessor-version":[{"id":59500,"href":"https:\/\/lahora.mx\/index.php\/wp-json\/wp\/v2\/posts\/59498\/revisions\/59500"}],"wp:featuredmedia":[{"embeddable":true,"href":"https:\/\/lahora.mx\/index.php\/wp-json\/wp\/v2\/media\/59499"}],"wp:attachment":[{"href":"https:\/\/lahora.mx\/index.php\/wp-json\/wp\/v2\/media?parent=59498"}],"wp:term":[{"taxonomy":"category","embeddable":true,"href":"https:\/\/lahora.mx\/index.php\/wp-json\/wp\/v2\/categories?post=59498"},{"taxonomy":"post_tag","embeddable":true,"href":"https:\/\/lahora.mx\/index.php\/wp-json\/wp\/v2\/tags?post=59498"}],"curies":[{"name":"wp","href":"https:\/\/api.w.org\/{rel}","templated":true}]}}