{"id":59489,"date":"2025-03-09T17:05:48","date_gmt":"2025-03-09T17:05:48","guid":{"rendered":"https:\/\/lahora.mx\/?p=59489"},"modified":"2025-03-09T17:05:49","modified_gmt":"2025-03-09T17:05:49","slug":"el-gobernador-alejandro-armenta-ofrece-disculpas-a-las-mujeres-por-los-atropellos-del-pasado","status":"publish","type":"post","link":"https:\/\/lahora.mx\/index.php\/2025\/03\/09\/el-gobernador-alejandro-armenta-ofrece-disculpas-a-las-mujeres-por-los-atropellos-del-pasado\/","title":{"rendered":"El gobernador Alejandro Armenta ofrece disculpas a las mujeres por los atropellos del pasado"},"content":{"rendered":"\n<p><strong>Somos un gobierno que responde con pol\u00edticas p\u00fablicas a las demandas hist\u00f3ricas del movimiento feminista<\/strong>, afirm\u00f3 el gobierno que encabeza el mandatario de Puebla, Alejandro Armenta Mier, durante el&nbsp;<strong>8 de Marzo que se conmemora el D\u00eda Internacional de la Mujer.<\/strong><\/p>\n\n\n\n<p>En los primeros 85 d\u00edas de este Gobierno de la Cuarta Transformaci\u00f3n hemos implementado acciones concretas a favor de las mujeres, recordaron.<\/p>\n\n\n\n<p>\u00a1En Puebla es tiempo de mujeres!<\/p>\n\n\n\n<p>\u00a1En Puebla, las mujeres pueden ser todo lo que quieran ser!<\/p>\n\n\n\n<p>Tenemos en 200 a\u00f1os, la primera presidenta de M\u00e9xico, Claudia Sheinbaum.<\/p>\n\n\n\n<p>Conmemoramos este 8M con fortaleza, y acompa\u00f1ando a las mujeres que son protagonistas de nuestra historia, afirm\u00f3 el gobierno estatal.<\/p>\n","protected":false},"excerpt":{"rendered":"<p>Somos un gobierno que responde con pol\u00edticas p\u00fablicas a las demandas hist\u00f3ricas del movimiento feminista, afirm\u00f3 el gobierno que encabeza el mandatario de Puebla, Alejandro Armenta Mier, durante el&nbsp;8 de Marzo que se conmemora el D\u00eda Internacional de la Mujer. En los primeros 85 d\u00edas de este Gobierno de la Cuarta Transformaci\u00f3n hemos implementado acciones [&hellip;]<\/p>\n","protected":false},"author":4,"featured_media":59490,"comment_status":"open","ping_status":"open","sticky":false,"template":"","format":"standard","meta":{"om_disable_all_campaigns":false,"_monsterinsights_skip_tracking":false,"_monsterinsights_sitenote_active":false,"_monsterinsights_sitenote_note":"","_monsterinsights_sitenote_category":0,"footnotes":""},"categories":[175],"tags":[239,195,223],"class_list":["post-59489","post","type-post","status-publish","format-standard","has-post-thumbnail","hentry","category-local","tag-gobierno","tag-principal","tag-puebla"],"amp_enabled":true,"_links":{"self":[{"href":"https:\/\/lahora.mx\/index.php\/wp-json\/wp\/v2\/posts\/59489","targetHints":{"allow":["GET"]}}],"collection":[{"href":"https:\/\/lahora.mx\/index.php\/wp-json\/wp\/v2\/posts"}],"about":[{"href":"https:\/\/lahora.mx\/index.php\/wp-json\/wp\/v2\/types\/post"}],"author":[{"embeddable":true,"href":"https:\/\/lahora.mx\/index.php\/wp-json\/wp\/v2\/users\/4"}],"replies":[{"embeddable":true,"href":"https:\/\/lahora.mx\/index.php\/wp-json\/wp\/v2\/comments?post=59489"}],"version-history":[{"count":1,"href":"https:\/\/lahora.mx\/index.php\/wp-json\/wp\/v2\/posts\/59489\/revisions"}],"predecessor-version":[{"id":59491,"href":"https:\/\/lahora.mx\/index.php\/wp-json\/wp\/v2\/posts\/59489\/revisions\/59491"}],"wp:featuredmedia":[{"embeddable":true,"href":"https:\/\/lahora.mx\/index.php\/wp-json\/wp\/v2\/media\/59490"}],"wp:attachment":[{"href":"https:\/\/lahora.mx\/index.php\/wp-json\/wp\/v2\/media?parent=59489"}],"wp:term":[{"taxonomy":"category","embeddable":true,"href":"https:\/\/lahora.mx\/index.php\/wp-json\/wp\/v2\/categories?post=59489"},{"taxonomy":"post_tag","embeddable":true,"href":"https:\/\/lahora.mx\/index.php\/wp-json\/wp\/v2\/tags?post=59489"}],"curies":[{"name":"wp","href":"https:\/\/api.w.org\/{rel}","templated":true}]}}