{"id":59484,"date":"2025-03-08T02:48:28","date_gmt":"2025-03-08T02:48:28","guid":{"rendered":"https:\/\/lahora.mx\/?p=59484"},"modified":"2025-03-08T02:48:29","modified_gmt":"2025-03-08T02:48:29","slug":"la-presidenta-claudia-sheinbaum-confirma-salida-de-rogelio-ramirez-de-la-o-de-hacienda","status":"publish","type":"post","link":"https:\/\/lahora.mx\/index.php\/2025\/03\/08\/la-presidenta-claudia-sheinbaum-confirma-salida-de-rogelio-ramirez-de-la-o-de-hacienda\/","title":{"rendered":"La presidenta Claudia Sheinbaum confirma salida de Rogelio Ram\u00edrez de la O de Hacienda"},"content":{"rendered":"\n<p>Claudia Sheinbaum, presidenta de\u00a0<strong>M\u00e9xico<\/strong>, confirm\u00f3 mediante un video junto a Edgar Amador Zamora y\u00a0<strong>Rogelio Ram\u00edrez de la O<\/strong>, la salida oficial de este \u00faltimo como titular de la Secretar\u00eda de Hacienda y Cr\u00e9dito P\u00fablico\u00a0<strong>(SHCP).<\/strong><\/p>\n\n\n\n<p>El funcionario, el cual le dej\u00f3 su puesto al antes subsecretario de Hacienda,&nbsp;<strong>Edgar Amador Zamora,<\/strong>&nbsp;no saldr\u00e1 del&nbsp;<strong>Gabinete presidencial<\/strong>, ya que estar\u00e1 comisionado como&nbsp;<strong>asesor econ\u00f3mico de Asuntos Internacionales.<\/strong><\/p>\n\n\n\n<p><strong>Sheinbaum c<\/strong>onsider\u00f3 a\u00a0<strong>Ram\u00edrez de la O<\/strong>\u00a0como \u201cel mejor economista que tiene nuestro pa\u00eds\u201d y dijo que su\u00a0<strong>nuevo puesto<\/strong>\u00a0es de suma relevancia, especialmente por las relaciones que M\u00e9xico mantiene con Estados Unidos.<br><strong>Ram\u00edrez de la O se despide p\u00fablicamente<\/strong><\/p>\n\n\n\n<p>Luego del anuncio de la presidenta,&nbsp;<strong>Ram\u00edrez de la O<\/strong>&nbsp;tom\u00f3 la palabra y declar\u00f3 haber estado orgulloso de haber servido bajo las \u00f3rdenes de&nbsp;<strong>Sheinbaum<\/strong>; de haber hecho bien su trabajo hasta donde le fue posible; y de estar competido con la elaboraci\u00f3n de las&nbsp;<strong>pol\u00edticas fiscales y financieras<\/strong>&nbsp;en favor de los m\u00e1s necesitados, dentro de un marco de&nbsp;<strong>normalizaci\u00f3n del nivel de la deuda p\u00fablica<\/strong>.<\/p>\n\n\n\n<p>Tambi\u00e9n inform\u00f3 que fueron sus&nbsp;<strong>compromisos familiares en el extranjero<\/strong>&nbsp;los que los orillaron a tomar la decisi\u00f3n de dejar su cargo, pero que acept\u00f3 seguir colaborando con la&nbsp;<strong>presidenta Sheinbaum<\/strong>, siendo su&nbsp;<strong>asesor personal<\/strong>&nbsp;en materia de&nbsp;<strong>Asuntos Internacionales<\/strong>.<\/p>\n\n\n\n<p>As\u00ed mismo, agradeci\u00f3 la solidaridad de sus\u00a0<strong>colegas del Gabinete<\/strong>y a todo el\u00a0<strong>personal de la Secretar\u00eda.<\/strong><br>Por su parte, el nuevo secretario de Hacienda,\u00a0<strong>Edgar Amador<\/strong>, dijo que fue un honor haber trabajado al lado de\u00a0<strong>Ram\u00edrez de la O<\/strong>\u00a0y que se encuentra comprometido con la\u00a0estabilidad macroecon\u00f3mica de M\u00e9xico\u00a0y con cumplir los objetivos de la cuarta transformaci\u00f3n.<\/p>\n","protected":false},"excerpt":{"rendered":"<p>Claudia Sheinbaum, presidenta de\u00a0M\u00e9xico, confirm\u00f3 mediante un video junto a Edgar Amador Zamora y\u00a0Rogelio Ram\u00edrez de la O, la salida oficial de este \u00faltimo como titular de la Secretar\u00eda de Hacienda y Cr\u00e9dito P\u00fablico\u00a0(SHCP). El funcionario, el cual le dej\u00f3 su puesto al antes subsecretario de Hacienda,&nbsp;Edgar Amador Zamora,&nbsp;no saldr\u00e1 del&nbsp;Gabinete presidencial, ya que estar\u00e1 [&hellip;]<\/p>\n","protected":false},"author":4,"featured_media":59485,"comment_status":"open","ping_status":"open","sticky":false,"template":"","format":"standard","meta":{"om_disable_all_campaigns":false,"_monsterinsights_skip_tracking":false,"_monsterinsights_sitenote_active":false,"_monsterinsights_sitenote_note":"","_monsterinsights_sitenote_category":0,"footnotes":""},"categories":[176],"tags":[195],"class_list":["post-59484","post","type-post","status-publish","format-standard","has-post-thumbnail","hentry","category-nacional","tag-principal"],"amp_enabled":true,"_links":{"self":[{"href":"https:\/\/lahora.mx\/index.php\/wp-json\/wp\/v2\/posts\/59484","targetHints":{"allow":["GET"]}}],"collection":[{"href":"https:\/\/lahora.mx\/index.php\/wp-json\/wp\/v2\/posts"}],"about":[{"href":"https:\/\/lahora.mx\/index.php\/wp-json\/wp\/v2\/types\/post"}],"author":[{"embeddable":true,"href":"https:\/\/lahora.mx\/index.php\/wp-json\/wp\/v2\/users\/4"}],"replies":[{"embeddable":true,"href":"https:\/\/lahora.mx\/index.php\/wp-json\/wp\/v2\/comments?post=59484"}],"version-history":[{"count":1,"href":"https:\/\/lahora.mx\/index.php\/wp-json\/wp\/v2\/posts\/59484\/revisions"}],"predecessor-version":[{"id":59486,"href":"https:\/\/lahora.mx\/index.php\/wp-json\/wp\/v2\/posts\/59484\/revisions\/59486"}],"wp:featuredmedia":[{"embeddable":true,"href":"https:\/\/lahora.mx\/index.php\/wp-json\/wp\/v2\/media\/59485"}],"wp:attachment":[{"href":"https:\/\/lahora.mx\/index.php\/wp-json\/wp\/v2\/media?parent=59484"}],"wp:term":[{"taxonomy":"category","embeddable":true,"href":"https:\/\/lahora.mx\/index.php\/wp-json\/wp\/v2\/categories?post=59484"},{"taxonomy":"post_tag","embeddable":true,"href":"https:\/\/lahora.mx\/index.php\/wp-json\/wp\/v2\/tags?post=59484"}],"curies":[{"name":"wp","href":"https:\/\/api.w.org\/{rel}","templated":true}]}}