{"id":59472,"date":"2025-03-07T22:32:30","date_gmt":"2025-03-07T22:32:30","guid":{"rendered":"https:\/\/lahora.mx\/?p=59472"},"modified":"2025-03-07T22:32:30","modified_gmt":"2025-03-07T22:32:30","slug":"the-killers-maroon-5-y-pitbull-en-la-feria-de-puebla-2025","status":"publish","type":"post","link":"https:\/\/lahora.mx\/index.php\/2025\/03\/07\/the-killers-maroon-5-y-pitbull-en-la-feria-de-puebla-2025\/","title":{"rendered":"The Killers, Maroon 5 y Pitbull en la Feria de Puebla 2025"},"content":{"rendered":"\n<p>El gobernador de Puebla,\u00a0<strong>Alejandro Armenta,\u00a0<\/strong>dio m\u00e1s detalles de lo que ser\u00e1 la<strong>\u00a0Feria de Puebla 2025 <\/strong>adelantando al\u00a0<strong>menos 5 nombres de los artistas\u00a0<\/strong>que ver\u00e1n acci\u00f3n en la fiesta que se har\u00e1 del<strong>\u00a024 de abril al 11 de mayo<\/strong>\u00a0en la zona hist\u00f3rica de Los Fuertes.<\/p>\n\n\n\n<p>La&nbsp;<strong>feria tendr\u00e1 una duraci\u00f3n de 18 d\u00edas,&nbsp;<\/strong>donde se contar\u00e1 con la presencia de&nbsp;<strong>11 artistas de talla nacional y 8 de internacional,&nbsp;<\/strong>estos \u00faltimos deben contar con reconocimiento y prestigio por parte de la gente, acuerdo se lee en la licitaci\u00f3n emitida hace unos d\u00edas.<\/p>\n\n\n\n<p><\/p>\n\n\n\n<p><strong><em>\u201cLa feria va a estar padr\u00edsima, (\u2026) los vamos a invitar a que disfruten de estos conciertos, no va a incrementarse el costo del boleto, el palenque tiene otro programa, van a venir espect\u00e1culos de talla nacional e internacional, con el mismo costo del a\u00f1o pasado\u201d,\u00a0<\/em><\/strong>mencion\u00f3 el gobernador este 7 de marzo durante una entrevista.<br><br>El costo de entrada<strong>&nbsp;se quedar\u00e1 en 50 pesos, con el que la gente tendr\u00e1 acceso a los eventos del Teatro del Pueblo, Foro Cultural,&nbsp;<\/strong>espect\u00e1culos de patinaje, circo, entre otras actividades m\u00e1s. Adem\u00e1s de que menores de edad y personas de la tercera edad ingresar\u00e1n gratis.<\/p>\n\n\n\n<p>Adem\u00e1s de las p<strong>resentaciones en vivo,<\/strong>&nbsp;se llevar\u00e1 a cabo un espect\u00e1culo de hielo con funciones que se&nbsp;<strong>realizar\u00e1n todos los d\u00edas,&nbsp;<\/strong>cada uno de estos n\u00fameros tendr\u00e1 una&nbsp;<strong>duraci\u00f3n de 50 minutos,<\/strong>&nbsp;as\u00ed como de circo.<\/p>\n\n\n\n<p>Las autoridades locales se\u00f1alaron que tambi\u00e9n van a instalar un foro cultural, adem\u00e1s,&nbsp;<strong>se tiene planeado hacer espect\u00e1culos&nbsp;<\/strong>de pirot\u00e9cnica durante la inauguraci\u00f3n, al igual que para el 5 de mayo, que es el&nbsp;<strong>D\u00eda de la Batalla de Puebla,&nbsp;<\/strong>y en la clausura.<\/p>\n\n\n\n<h2 class=\"wp-block-heading\">Maroon 5 y The Killers a la Feria de Puebla<\/h2>\n\n\n\n<p>Por otro lado,<strong>&nbsp;el gobernador aprovech\u00f3&nbsp;<\/strong>el momento para adelantar algunos nombres de lo<strong>s artistas que aparecer\u00e1n en la cartelera.&nbsp;<\/strong>Todo esto sumado a que ya se hab\u00eda confirmado la participaci\u00f3n de&nbsp;<strong>Intocable&nbsp;<\/strong>el pr\u00f3ximo 11 de mayo.<\/p>\n\n\n\n<p><strong>\u201cSiempre queremos comprarnos con otros estados, si le tenemos amor a Puebla siempre diremos que tiene cosas m\u00e1gicas\u201d,&nbsp;<\/strong>expres\u00f3 el mandatario para luego revelar estar\u00e1n&nbsp;<strong>Maroon 5, The Killers, Belinda, Pitbull y Reik.<\/strong>&nbsp;<strong>\u201cNo les puedo decir m\u00e1s\u201d,&nbsp;<\/strong>agreg\u00f3.<\/p>\n\n\n\n<p>Con esto se confirma lo que esta casa editorial hab\u00eda dado a&nbsp;<strong>conocer hace unas semanas.&nbsp;<\/strong>Solo faltar\u00eda se sume el nombre de&nbsp;<strong>Tito Double P.<\/strong>&nbsp;Se cree que en pr\u00f3ximos d\u00edas se comunique la cartelera completa, tanto del&nbsp;<strong>Teatro del Pueblo&nbsp;<\/strong>como del Palenque.<\/p>\n\n\n\n<p>Es importante mencionar que algunos de estos artistas tendr\u00e1n otras presentaciones dentro de M\u00e9xico este mismo a\u00f1o, como es el caso de Maroon 5, l<strong>a agrupaci\u00f3n pop\/rock que es conocida por \u00e9xitos como \u2018Moves like Jagger\u2019 o \u2018This love\u2019, ya que estar\u00e1 en la Feria Nacional de San Marcos.<\/strong><\/p>\n","protected":false},"excerpt":{"rendered":"<p>El gobernador de Puebla,\u00a0Alejandro Armenta,\u00a0dio m\u00e1s detalles de lo que ser\u00e1 la\u00a0Feria de Puebla 2025 adelantando al\u00a0menos 5 nombres de los artistas\u00a0que ver\u00e1n acci\u00f3n en la fiesta que se har\u00e1 del\u00a024 de abril al 11 de mayo\u00a0en la zona hist\u00f3rica de Los Fuertes. La&nbsp;feria tendr\u00e1 una duraci\u00f3n de 18 d\u00edas,&nbsp;donde se contar\u00e1 con la presencia [&hellip;]<\/p>\n","protected":false},"author":4,"featured_media":59473,"comment_status":"open","ping_status":"open","sticky":false,"template":"","format":"standard","meta":{"om_disable_all_campaigns":false,"_monsterinsights_skip_tracking":false,"_monsterinsights_sitenote_active":false,"_monsterinsights_sitenote_note":"","_monsterinsights_sitenote_category":0,"footnotes":""},"categories":[3,175],"tags":[],"class_list":["post-59472","post","type-post","status-publish","format-standard","has-post-thumbnail","hentry","category-entretenimiento","category-local"],"amp_enabled":true,"_links":{"self":[{"href":"https:\/\/lahora.mx\/index.php\/wp-json\/wp\/v2\/posts\/59472","targetHints":{"allow":["GET"]}}],"collection":[{"href":"https:\/\/lahora.mx\/index.php\/wp-json\/wp\/v2\/posts"}],"about":[{"href":"https:\/\/lahora.mx\/index.php\/wp-json\/wp\/v2\/types\/post"}],"author":[{"embeddable":true,"href":"https:\/\/lahora.mx\/index.php\/wp-json\/wp\/v2\/users\/4"}],"replies":[{"embeddable":true,"href":"https:\/\/lahora.mx\/index.php\/wp-json\/wp\/v2\/comments?post=59472"}],"version-history":[{"count":1,"href":"https:\/\/lahora.mx\/index.php\/wp-json\/wp\/v2\/posts\/59472\/revisions"}],"predecessor-version":[{"id":59474,"href":"https:\/\/lahora.mx\/index.php\/wp-json\/wp\/v2\/posts\/59472\/revisions\/59474"}],"wp:featuredmedia":[{"embeddable":true,"href":"https:\/\/lahora.mx\/index.php\/wp-json\/wp\/v2\/media\/59473"}],"wp:attachment":[{"href":"https:\/\/lahora.mx\/index.php\/wp-json\/wp\/v2\/media?parent=59472"}],"wp:term":[{"taxonomy":"category","embeddable":true,"href":"https:\/\/lahora.mx\/index.php\/wp-json\/wp\/v2\/categories?post=59472"},{"taxonomy":"post_tag","embeddable":true,"href":"https:\/\/lahora.mx\/index.php\/wp-json\/wp\/v2\/tags?post=59472"}],"curies":[{"name":"wp","href":"https:\/\/api.w.org\/{rel}","templated":true}]}}