{"id":59437,"date":"2025-03-07T01:03:43","date_gmt":"2025-03-07T01:03:43","guid":{"rendered":"https:\/\/lahora.mx\/?p=59437"},"modified":"2025-03-07T01:03:43","modified_gmt":"2025-03-07T01:03:43","slug":"gobierno-de-puebla-compra-500-vehiculos-a-volkswagen-para-promover-productos-poblanos","status":"publish","type":"post","link":"https:\/\/lahora.mx\/index.php\/2025\/03\/07\/gobierno-de-puebla-compra-500-vehiculos-a-volkswagen-para-promover-productos-poblanos\/","title":{"rendered":"Gobierno de Puebla compra 500 veh\u00edculos a Volkswagen para promover productos poblanos"},"content":{"rendered":"\n<p>El gobernador Alejandro Armenta Mier anunci\u00f3 la&nbsp;<strong>compra de 500 unidades de la firma alemana Volkswagen<\/strong>, cuya planta est\u00e1 en Puebla, para garantizar las fuentes de trabajo en el estado y mover la econom\u00eda nacional ante los amagos de imposici\u00f3n de aranceles por parte de Estados Unidos.<\/p>\n\n\n\n<p>Aunque el presidente estadunidense Donald Trump indic\u00f3 que no habr\u00e1 cobro de aranceles hacia M\u00e9xico hasta el 2 de abril, el mandatario poblano se pronunci\u00f3 por\u00a0<strong>empezar a consumir lo que se siembra, produce o se fabrica en Puebla<\/strong>\u00a0para ayudar a las cadenas productivas locales, que pudieran resentir el rechazo del mercado norteamericano.<br>El gobernador Alejandro Armenta Mier anunci\u00f3 la&nbsp;<strong>compra de 500 unidades de la firma alemana Volkswagen<\/strong>, cuya planta est\u00e1 en Puebla, para garantizar las fuentes de trabajo en el estado y mover la econom\u00eda nacional ante los amagos de imposici\u00f3n de aranceles por parte de Estados Unidos.<\/p>\n\n\n\n<p>Aunque el presidente estadunidense Donald Trump indic\u00f3 que no habr\u00e1 cobro de aranceles hacia M\u00e9xico hasta el 2 de abril, el mandatario poblano se pronunci\u00f3 por\u00a0<strong>empezar a consumir lo que se siembra, produce o se fabrica en Puebla<\/strong>\u00a0para ayudar a las cadenas productivas locales, que pudieran resentir el rechazo del mercado norteamericano.<br><strong>Gobierno estatal promover\u00e1 productos hechos en Puebla<\/strong><\/p>\n\n\n\n<p>Expuso que su gobierno\u00a0<strong>impulsar\u00e1 la marca Puebla\u00a0<\/strong>a fin de que los consumidores locales compren los productos que se hacen en los 217 municipios, desde hortalizas, granos, miel y caf\u00e9, hasta zapatos, ropa y autom\u00f3viles.<br>Dicha iniciativa ya est\u00e1 en manos de las secretar\u00edas de Desarrollo Econ\u00f3mico y Trabajo (Sedetra), de Agricultura y Desarrollo Rural (SADR) y de Desarrollo Tur\u00edstico. Una vez terminada&nbsp;<strong>\u00abtendr\u00e1 una fuerte campa\u00f1a de promoci\u00f3n\u00bb<\/strong>.<\/p>\n\n\n\n<p>Agreg\u00f3 que su administraci\u00f3n tambi\u00e9n comprar\u00e1 hasta un mill\u00f3n de bicicletas para promover una movilidad sustentable, las cuales ser\u00e1n fabricadas por un taller localizado en el municipio de Zacatl\u00e1n, en la Sierra Norte.<\/p>\n","protected":false},"excerpt":{"rendered":"<p>El gobernador Alejandro Armenta Mier anunci\u00f3 la&nbsp;compra de 500 unidades de la firma alemana Volkswagen, cuya planta est\u00e1 en Puebla, para garantizar las fuentes de trabajo en el estado y mover la econom\u00eda nacional ante los amagos de imposici\u00f3n de aranceles por parte de Estados Unidos. Aunque el presidente estadunidense Donald Trump indic\u00f3 que no [&hellip;]<\/p>\n","protected":false},"author":4,"featured_media":59438,"comment_status":"open","ping_status":"open","sticky":false,"template":"","format":"standard","meta":{"om_disable_all_campaigns":false,"_monsterinsights_skip_tracking":false,"_monsterinsights_sitenote_active":false,"_monsterinsights_sitenote_note":"","_monsterinsights_sitenote_category":0,"footnotes":""},"categories":[175],"tags":[239,223],"class_list":["post-59437","post","type-post","status-publish","format-standard","has-post-thumbnail","hentry","category-local","tag-gobierno","tag-puebla"],"amp_enabled":true,"_links":{"self":[{"href":"https:\/\/lahora.mx\/index.php\/wp-json\/wp\/v2\/posts\/59437","targetHints":{"allow":["GET"]}}],"collection":[{"href":"https:\/\/lahora.mx\/index.php\/wp-json\/wp\/v2\/posts"}],"about":[{"href":"https:\/\/lahora.mx\/index.php\/wp-json\/wp\/v2\/types\/post"}],"author":[{"embeddable":true,"href":"https:\/\/lahora.mx\/index.php\/wp-json\/wp\/v2\/users\/4"}],"replies":[{"embeddable":true,"href":"https:\/\/lahora.mx\/index.php\/wp-json\/wp\/v2\/comments?post=59437"}],"version-history":[{"count":1,"href":"https:\/\/lahora.mx\/index.php\/wp-json\/wp\/v2\/posts\/59437\/revisions"}],"predecessor-version":[{"id":59439,"href":"https:\/\/lahora.mx\/index.php\/wp-json\/wp\/v2\/posts\/59437\/revisions\/59439"}],"wp:featuredmedia":[{"embeddable":true,"href":"https:\/\/lahora.mx\/index.php\/wp-json\/wp\/v2\/media\/59438"}],"wp:attachment":[{"href":"https:\/\/lahora.mx\/index.php\/wp-json\/wp\/v2\/media?parent=59437"}],"wp:term":[{"taxonomy":"category","embeddable":true,"href":"https:\/\/lahora.mx\/index.php\/wp-json\/wp\/v2\/categories?post=59437"},{"taxonomy":"post_tag","embeddable":true,"href":"https:\/\/lahora.mx\/index.php\/wp-json\/wp\/v2\/tags?post=59437"}],"curies":[{"name":"wp","href":"https:\/\/api.w.org\/{rel}","templated":true}]}}