{"id":59434,"date":"2025-03-07T01:00:41","date_gmt":"2025-03-07T01:00:41","guid":{"rendered":"https:\/\/lahora.mx\/?p=59434"},"modified":"2025-03-07T01:00:42","modified_gmt":"2025-03-07T01:00:42","slug":"ya-hay-fecha-para-la-feria-de-puebla-2025-contara-con-11-artistas-nacionales-y-ocho-internacionales","status":"publish","type":"post","link":"https:\/\/lahora.mx\/index.php\/2025\/03\/07\/ya-hay-fecha-para-la-feria-de-puebla-2025-contara-con-11-artistas-nacionales-y-ocho-internacionales\/","title":{"rendered":"Ya hay fecha para la Feria de Puebla 2025! Contar\u00e1 con 11 artistas nacionales y ocho internacionales"},"content":{"rendered":"\n<p>\u00a0E<strong>l Gobierno de Puebla<\/strong>\u00a0hizo p\u00fablico el proceso de licitaciones para contratar los servicios que har\u00e1n posible este evento, as\u00ed que ya conocemos cu\u00e1ndo empieza la feria, y\u00a0<strong>cuantos conciertos habr\u00e1 en este evento.\u00a0<\/strong><\/p>\n\n\n\n<p>En este documento se especifica que la Feria de Puebla 2025 iniciar\u00e1 el 24 de abril y en ella se proyecta<strong>&nbsp;la presencia de 11 artistas nacionales y ocho internacionales<\/strong>; as\u00ed como del servicio del espect\u00e1culo de patinaje sobre hielo, espect\u00e1culo circense en escena y teatro del pueblo, foro cultural, Expo Ganadera, espect\u00e1culo de pirotecnia y pabellones para algunas secretar\u00edas durante los 19 d\u00edas del evento.<\/p>\n\n\n\n<p>As\u00ed lo establece la&nbsp;<strong>licitaci\u00f3n P\u00fablica Nacional<\/strong>&nbsp;GEP-SPFA-LPN-011-114\/2025 del gobierno del Estado del Gobierno, la cual se\u00f1ala que el periodo de prestaci\u00f3n del servicio tendr\u00e1 que ser a partir del d\u00eda 7 de abril y hasta el 22 de mayo de 2025 en el<strong>&nbsp;Centro Expositor y de Convenciones Puebla,<\/strong>&nbsp;ubicado en la zona de los Fuertes de Loreto y Guadalupe.<\/p>\n\n\n\n<h2 class=\"wp-block-heading\">\u00bfCu\u00e1ntos conciertos habr\u00e1 en el Teatro del Pueblo 2025?<\/h2>\n\n\n\n<p>De acuerdo con el documento la presentaci\u00f3n de 11 artistas de talla nacional y 08 artistas de talla internacional de reconocido prestigio que deber\u00e1n cubrir los\u00a0<strong>siguientes g\u00e9neros musicales:<\/strong>\u00a0pop, rock, banda, reggaet\u00f3n y tropical, as\u00ed como un festival de m\u00fasica electr\u00f3nica considerando 01 DJ de talla internacional.<br>En la Feria se pondr\u00e1 el servicio de Pabell\u00f3n de la Secretar\u00eda de Desarrollo Tur\u00edstico;&nbsp;<strong>Secretar\u00eda de Agricultura y Desarrollo Rural;<\/strong>Secretar\u00eda de Desarrollo Econ\u00f3mico y Trabajo, as\u00ed como Museos y Secretar\u00eda de Arte y Cultura.<\/p>\n\n\n\n<h2 class=\"wp-block-heading\">\u00bfCu\u00e1les ser\u00e1n los horarios de los eventos en la Feria de Puebla 2025?<\/h2>\n\n\n\n<p>La licitaci\u00f3n establece que&nbsp;<strong>el espect\u00e1culo de patinaje sobre hielo cubrir\u00e1 un horario de lunes a viernes<\/strong>&nbsp;en horario de 18:00 horas y 20:00 horas; s\u00e1bado, domingo y d\u00edas oficiales 1 y 5 de mayo, 16:00 horas, 18:00 horas y 20:00 horas, con una duraci\u00f3n del espect\u00e1culo de 50 minutos.<\/p>\n\n\n\n<p><strong>En el caso del espect\u00e1culo circense<\/strong>, ser\u00e1 de lunes a viernes en horario de 17:00 horas y 19:00 horas; s\u00e1bado, domingo y d\u00edas festivos, oficiales 1 y 5 de mayo, 15:00 horas, 17:00 horas y 19:00 horas.<\/p>\n\n\n\n<p>Ambos espect\u00e1culos<strong>&nbsp;tendr\u00e1n una duraci\u00f3n de 50 minutos<\/strong>&nbsp;y contar\u00e1n con 18 a 20 artistas en escena.<\/p>\n\n\n\n<p>Para el\u00a0<strong>espect\u00e1culo de pirotecnia,<\/strong>\u00a0ser\u00e1 en los d\u00edas 24 de abril (d\u00eda de la inauguraci\u00f3n), 5 de mayo (Batalla de Puebla) y 11 de mayo (d\u00eda de la clausura).<br><strong>Cu\u00e1l ser\u00e1 el Horario para la Feria de Puebla 2025?<\/strong><\/p>\n\n\n\n<p>El horario de la&nbsp;<strong>Feria de Puebla<\/strong>&nbsp;ser\u00e1 de lunes a jueves en un horario de 12:00 p.m. a 12:00 a.m., viernes, s\u00e1bado y domingo, y los d\u00edas oficiales 1 y 5 de mayo, en un horario de 11:00 a.m. a 12:00 a.m., los d\u00edas que se tenga variedad en el palenque, el horario se extender\u00e1 hasta la 1:00 am.<\/p>\n\n\n\n<h2 class=\"wp-block-heading\">\u00bfCu\u00e1nto costar\u00e1 la entrada a la Feria de Puebla 2025?&nbsp;<\/h2>\n\n\n\n<p>Es de mencionar que el gobernador de Puebla, Alejandro Armenta Mier, inform\u00f3 que el costo de&nbsp;<strong>entrada seguir\u00e1 como el a\u00f1o pasado,<\/strong>pues para acceder los poblanos tendr\u00e1n que pagar 50 pesos.<\/p>\n\n\n\n<p>La convocatoria estar\u00e1 abierta hasta el viernes 7 de marzo, en la que&nbsp;<strong>los interesados deber\u00e1n cubrir el pago de las bases.<\/strong>&nbsp;Ser\u00e1 el 21 de marzo cuando se tenga el nombre de la empresa que se encargar\u00e1 de brindar el servicio para la Feria de Puebla 2025.<\/p>\n","protected":false},"excerpt":{"rendered":"<p>\u00a0El Gobierno de Puebla\u00a0hizo p\u00fablico el proceso de licitaciones para contratar los servicios que har\u00e1n posible este evento, as\u00ed que ya conocemos cu\u00e1ndo empieza la feria, y\u00a0cuantos conciertos habr\u00e1 en este evento.\u00a0 En este documento se especifica que la Feria de Puebla 2025 iniciar\u00e1 el 24 de abril y en ella se proyecta&nbsp;la presencia de [&hellip;]<\/p>\n","protected":false},"author":4,"featured_media":59435,"comment_status":"open","ping_status":"open","sticky":false,"template":"","format":"standard","meta":{"om_disable_all_campaigns":false,"_monsterinsights_skip_tracking":false,"_monsterinsights_sitenote_active":false,"_monsterinsights_sitenote_note":"","_monsterinsights_sitenote_category":0,"footnotes":""},"categories":[3,175],"tags":[223],"class_list":["post-59434","post","type-post","status-publish","format-standard","has-post-thumbnail","hentry","category-entretenimiento","category-local","tag-puebla"],"amp_enabled":true,"_links":{"self":[{"href":"https:\/\/lahora.mx\/index.php\/wp-json\/wp\/v2\/posts\/59434","targetHints":{"allow":["GET"]}}],"collection":[{"href":"https:\/\/lahora.mx\/index.php\/wp-json\/wp\/v2\/posts"}],"about":[{"href":"https:\/\/lahora.mx\/index.php\/wp-json\/wp\/v2\/types\/post"}],"author":[{"embeddable":true,"href":"https:\/\/lahora.mx\/index.php\/wp-json\/wp\/v2\/users\/4"}],"replies":[{"embeddable":true,"href":"https:\/\/lahora.mx\/index.php\/wp-json\/wp\/v2\/comments?post=59434"}],"version-history":[{"count":1,"href":"https:\/\/lahora.mx\/index.php\/wp-json\/wp\/v2\/posts\/59434\/revisions"}],"predecessor-version":[{"id":59436,"href":"https:\/\/lahora.mx\/index.php\/wp-json\/wp\/v2\/posts\/59434\/revisions\/59436"}],"wp:featuredmedia":[{"embeddable":true,"href":"https:\/\/lahora.mx\/index.php\/wp-json\/wp\/v2\/media\/59435"}],"wp:attachment":[{"href":"https:\/\/lahora.mx\/index.php\/wp-json\/wp\/v2\/media?parent=59434"}],"wp:term":[{"taxonomy":"category","embeddable":true,"href":"https:\/\/lahora.mx\/index.php\/wp-json\/wp\/v2\/categories?post=59434"},{"taxonomy":"post_tag","embeddable":true,"href":"https:\/\/lahora.mx\/index.php\/wp-json\/wp\/v2\/tags?post=59434"}],"curies":[{"name":"wp","href":"https:\/\/api.w.org\/{rel}","templated":true}]}}