{"id":59427,"date":"2025-03-06T19:04:09","date_gmt":"2025-03-06T19:04:09","guid":{"rendered":"https:\/\/lahora.mx\/?p=59427"},"modified":"2025-03-06T19:04:33","modified_gmt":"2025-03-06T19:04:33","slug":"el-gobernador-alejandro-armenta-descarta-implementacion-del-mando-unico-en-la-zona-metropolitana-de-puebla","status":"publish","type":"post","link":"https:\/\/lahora.mx\/index.php\/2025\/03\/06\/el-gobernador-alejandro-armenta-descarta-implementacion-del-mando-unico-en-la-zona-metropolitana-de-puebla\/","title":{"rendered":"El gobernador Alejandro Armenta descarta implementaci\u00f3n del mando \u00fanico en la zona metropolitana de Puebla"},"content":{"rendered":"\n<p>La implementaci\u00f3n del mando \u00fanico en la zona metropolitana de Puebla est\u00e1 descartada.\u00a0<strong>El gobernador, Alejandro Armenta Mier, asegur\u00f3 que lo que se mantendr\u00e1 ser\u00e1 un esquema de coordinaci\u00f3n entre los tres ordenes de gobierno, como ha ocurrido desde el inicio de su gesti\u00f3n<\/strong>. De esta manera desech\u00f3 la estrategia que plante\u00f3 al inicio de su campa\u00f1a pol\u00edtica, hace casi un a\u00f1o.<\/p>\n\n\n\n<p><strong>Ante el relevo que habr\u00e1 en la titularidad de la Secretar\u00eda de Seguridad Ciudadana del ayuntamiento de Puebla<\/strong>, debido a la renuncia de Fernando Rosales Solis, el mandatario poblano inform\u00f3 que se reunir\u00e1 esta misma noche con el edil, J<strong>os\u00e9 Chedraui Budib, para conversar al respecto, aunque dej\u00f3 en claro que el Estado no asumir\u00e1 responsabilidades en la materia que no le competen<\/strong>.<\/p>\n\n\n\n<p>El Secretario General de Gobierno del Ayuntamiento de Puebla,<strong>\u00a0Francisco Rodr\u00edguez \u00c1lvarez, adelant\u00f3 que el gobierno capitalino tiene seis posibles perfiles para la titularidad de la SSC<\/strong>, entre los que hay militares y una mujer; sin embargo, asegur\u00f3 que quien sea designado\u00a0<strong>deber\u00e1 contar con el visto bueno del gobernador y el secretario de Seguridad y Protecci\u00f3n Ciudadana, Omar Garc\u00eda Harfuch<\/strong>.<br>Al respecto,&nbsp;<strong>Armenta refiri\u00f3 que esperar\u00e1 a conocer los planteamientos del presidente municipal de Puebla respecto a la seguridad p\u00fablica, no obstante<\/strong>, lo que le ofrecer\u00e1 ser\u00e1 mantener la colaboraci\u00f3n interinstitucional en el combate a la delincuencia.<\/p>\n\n\n\n<p><strong><em>\u201cNo hay mando \u00fanico, hay que dejarlo en claro, tenemos coordinaci\u00f3n plena entre los tres \u00f3rdenes de gobierno, es una coordinaci\u00f3n que nos ha llevado a tener resultados extraordinarios, as\u00ed es que valoraremos el planteamiento que haga el se\u00f1or presidente Pepe Chedraui\u201d<\/em><\/strong>, dijo.<\/p>\n\n\n\n<p>La posibilidad de que se concretara un mando \u00fanico en la zona conurbada gener\u00f3 opiniones divididas entre las y los presidentes municipales.<strong>&nbsp;La edil de San Pedro Cholula, Tonantzin Fern\u00e1ndez, consider\u00f3 que su municipio podr\u00eda sumarse, mientras que su hom\u00f3loga en San Andr\u00e9s, Guadalupe Cuautle<\/strong>, consider\u00f3 que deb\u00eda haber m\u00e1s di\u00e1logo al respecto antes de implementarlo.<\/p>\n","protected":false},"excerpt":{"rendered":"<p>La implementaci\u00f3n del mando \u00fanico en la zona metropolitana de Puebla est\u00e1 descartada.\u00a0El gobernador, Alejandro Armenta Mier, asegur\u00f3 que lo que se mantendr\u00e1 ser\u00e1 un esquema de coordinaci\u00f3n entre los tres ordenes de gobierno, como ha ocurrido desde el inicio de su gesti\u00f3n. De esta manera desech\u00f3 la estrategia que plante\u00f3 al inicio de su [&hellip;]<\/p>\n","protected":false},"author":4,"featured_media":59429,"comment_status":"open","ping_status":"open","sticky":false,"template":"","format":"standard","meta":{"om_disable_all_campaigns":false,"_monsterinsights_skip_tracking":false,"_monsterinsights_sitenote_active":false,"_monsterinsights_sitenote_note":"","_monsterinsights_sitenote_category":0,"footnotes":""},"categories":[175],"tags":[239,195,223],"class_list":["post-59427","post","type-post","status-publish","format-standard","has-post-thumbnail","hentry","category-local","tag-gobierno","tag-principal","tag-puebla"],"amp_enabled":true,"_links":{"self":[{"href":"https:\/\/lahora.mx\/index.php\/wp-json\/wp\/v2\/posts\/59427","targetHints":{"allow":["GET"]}}],"collection":[{"href":"https:\/\/lahora.mx\/index.php\/wp-json\/wp\/v2\/posts"}],"about":[{"href":"https:\/\/lahora.mx\/index.php\/wp-json\/wp\/v2\/types\/post"}],"author":[{"embeddable":true,"href":"https:\/\/lahora.mx\/index.php\/wp-json\/wp\/v2\/users\/4"}],"replies":[{"embeddable":true,"href":"https:\/\/lahora.mx\/index.php\/wp-json\/wp\/v2\/comments?post=59427"}],"version-history":[{"count":1,"href":"https:\/\/lahora.mx\/index.php\/wp-json\/wp\/v2\/posts\/59427\/revisions"}],"predecessor-version":[{"id":59428,"href":"https:\/\/lahora.mx\/index.php\/wp-json\/wp\/v2\/posts\/59427\/revisions\/59428"}],"wp:featuredmedia":[{"embeddable":true,"href":"https:\/\/lahora.mx\/index.php\/wp-json\/wp\/v2\/media\/59429"}],"wp:attachment":[{"href":"https:\/\/lahora.mx\/index.php\/wp-json\/wp\/v2\/media?parent=59427"}],"wp:term":[{"taxonomy":"category","embeddable":true,"href":"https:\/\/lahora.mx\/index.php\/wp-json\/wp\/v2\/categories?post=59427"},{"taxonomy":"post_tag","embeddable":true,"href":"https:\/\/lahora.mx\/index.php\/wp-json\/wp\/v2\/tags?post=59427"}],"curies":[{"name":"wp","href":"https:\/\/api.w.org\/{rel}","templated":true}]}}