{"id":59422,"date":"2025-03-06T19:54:21","date_gmt":"2025-03-06T19:54:21","guid":{"rendered":"https:\/\/lahora.mx\/?p=59422"},"modified":"2025-03-06T19:54:21","modified_gmt":"2025-03-06T19:54:21","slug":"lupita-cuautle-preve-la-construccion-de-mil-300-viviendas-en-san-andres","status":"publish","type":"post","link":"https:\/\/lahora.mx\/index.php\/2025\/03\/06\/lupita-cuautle-preve-la-construccion-de-mil-300-viviendas-en-san-andres\/","title":{"rendered":"Lupita Cuautle prev\u00e9 la construcci\u00f3n de mil 300 viviendas en San Andr\u00e9s"},"content":{"rendered":"\n<p>Encuentra en\u00a0<strong>gesti\u00f3n<\/strong>\u00a0la\u00a0<strong>construcci\u00f3n de mil 300 vivienda<\/strong>s, a trav\u00e9s del\u00a0Progama Nacional de Vivienda, impulsado por la presidenta de M\u00e9xico,\u00a0<strong>Claudia Sheinbaum<\/strong>, con la finalidad de que los\u00a0<strong>habitantes del municipio puedan tener un lugar digno para vivir<\/strong>.<\/p>\n\n\n\n<p>La alcaldesa sanandrese\u00f1a indic\u00f3 que su administraci\u00f3n&nbsp;<strong>ya present\u00f3 el predio al gobierno del Estado<\/strong>, encabezado por&nbsp;<strong>Alejandro Armenta Mier<\/strong>, en conjunto&nbsp;<strong>con el Instituto del Fondo Nacional de la Vivienda para los Trabajadores&nbsp;<\/strong>(INFONAVIT).<\/p>\n\n\n\n<p>Lo anterior para que&nbsp;<strong>los especialistas verifiquen la funcionalidad de la infraestructura<\/strong>&nbsp;y le&nbsp;<strong>indiquen si es un terreno \u00f3ptimo<\/strong>&nbsp;para la construcci\u00f3n de casas.<\/p>\n\n\n\n<p>Por ello, expres\u00f3 que se encuentra a la&nbsp;<strong>espera de la respuesta del gobierno federal<\/strong>&nbsp;para&nbsp;<strong>dar luz verde<\/strong>&nbsp;y arrancar con la construcci\u00f3n de las viviendas en un&nbsp;<strong>predio ubicado atr\u00e1s del Poder Judicial,<\/strong>&nbsp;en la calle de Jag\u00fcey o en el antiguo camino a&nbsp;<strong>Santa Clara Ocoyucan.<\/strong><\/p>\n\n\n\n<p>Asimismo, la l\u00edder de cabildo reconoci\u00f3 que en&nbsp;<strong>la zona no se encuentran fraccionamientos financiados por el INFONAVIT<\/strong>, debido a que&nbsp;<strong>en el territorio existen inmuebles de mayor plusval\u00eda.<\/strong><\/p>\n\n\n\n<p>Cabe destacar que el\u00a0<strong>Programa Nacional de Vivienda<\/strong>\u00a0establece la construcci\u00f3n de 48 ,mil establece la construcci\u00f3n de 48 mil 700 nuevas  en Puebla, de las cuales\u00a0<strong>6 mil ser\u00e1n edificadas durante 2025<\/strong>.<\/p>\n\n\n\n<p>Mientras que&nbsp;<strong>28 mil 700 viviendas nuevas ser\u00e1n para derechohabientes del INFONAVIT<\/strong>&nbsp;y&nbsp;<strong>20 mil viviendas nuevas para no derechohabientes<\/strong>, as\u00ed como la entrega de 20 mil escrituras.<\/p>\n","protected":false},"excerpt":{"rendered":"<p>Encuentra en\u00a0gesti\u00f3n\u00a0la\u00a0construcci\u00f3n de mil 300 viviendas, a trav\u00e9s del\u00a0Progama Nacional de Vivienda, impulsado por la presidenta de M\u00e9xico,\u00a0Claudia Sheinbaum, con la finalidad de que los\u00a0habitantes del municipio puedan tener un lugar digno para vivir. La alcaldesa sanandrese\u00f1a indic\u00f3 que su administraci\u00f3n&nbsp;ya present\u00f3 el predio al gobierno del Estado, encabezado por&nbsp;Alejandro Armenta Mier, en conjunto&nbsp;con el [&hellip;]<\/p>\n","protected":false},"author":4,"featured_media":59423,"comment_status":"open","ping_status":"open","sticky":false,"template":"","format":"standard","meta":{"om_disable_all_campaigns":false,"_monsterinsights_skip_tracking":false,"_monsterinsights_sitenote_active":false,"_monsterinsights_sitenote_note":"","_monsterinsights_sitenote_category":0,"footnotes":""},"categories":[175],"tags":[234],"class_list":["post-59422","post","type-post","status-publish","format-standard","has-post-thumbnail","hentry","category-local","tag-cholula"],"amp_enabled":true,"_links":{"self":[{"href":"https:\/\/lahora.mx\/index.php\/wp-json\/wp\/v2\/posts\/59422","targetHints":{"allow":["GET"]}}],"collection":[{"href":"https:\/\/lahora.mx\/index.php\/wp-json\/wp\/v2\/posts"}],"about":[{"href":"https:\/\/lahora.mx\/index.php\/wp-json\/wp\/v2\/types\/post"}],"author":[{"embeddable":true,"href":"https:\/\/lahora.mx\/index.php\/wp-json\/wp\/v2\/users\/4"}],"replies":[{"embeddable":true,"href":"https:\/\/lahora.mx\/index.php\/wp-json\/wp\/v2\/comments?post=59422"}],"version-history":[{"count":1,"href":"https:\/\/lahora.mx\/index.php\/wp-json\/wp\/v2\/posts\/59422\/revisions"}],"predecessor-version":[{"id":59433,"href":"https:\/\/lahora.mx\/index.php\/wp-json\/wp\/v2\/posts\/59422\/revisions\/59433"}],"wp:featuredmedia":[{"embeddable":true,"href":"https:\/\/lahora.mx\/index.php\/wp-json\/wp\/v2\/media\/59423"}],"wp:attachment":[{"href":"https:\/\/lahora.mx\/index.php\/wp-json\/wp\/v2\/media?parent=59422"}],"wp:term":[{"taxonomy":"category","embeddable":true,"href":"https:\/\/lahora.mx\/index.php\/wp-json\/wp\/v2\/categories?post=59422"},{"taxonomy":"post_tag","embeddable":true,"href":"https:\/\/lahora.mx\/index.php\/wp-json\/wp\/v2\/tags?post=59422"}],"curies":[{"name":"wp","href":"https:\/\/api.w.org\/{rel}","templated":true}]}}