{"id":59410,"date":"2025-03-06T15:56:12","date_gmt":"2025-03-06T15:56:12","guid":{"rendered":"https:\/\/lahora.mx\/?p=59410"},"modified":"2025-03-06T16:00:50","modified_gmt":"2025-03-06T16:00:50","slug":"familia-de-tianguismanalco-sufre-accidente-en-taxco-y-pide-ayuda-para-volver","status":"publish","type":"post","link":"https:\/\/lahora.mx\/index.php\/2025\/03\/06\/familia-de-tianguismanalco-sufre-accidente-en-taxco-y-pide-ayuda-para-volver\/","title":{"rendered":"Familia de Tianguismanalco sufre accidente en Taxco, y pide ayuda para volver"},"content":{"rendered":"\n<p>Una\u00a0<strong>familia\u00a0<\/strong>de al menos\u00a0<strong>nueve personas,<\/strong>\u00a0originaria de la comunidad de<strong>\u00a0San Francisco Buenavista,\u00a0<\/strong>perteneciente al municipio de\u00a0<strong>San Juan Tianguismanalco<\/strong>, sufri\u00f3 un\u00a0accidente automovil\u00edstico<strong>\u00a0en Taxco, Guerrero\u00a0<\/strong>durante un viaje de vacaciones. Entre los lesionados hay un\u00a0<strong>ni\u00f1o de tres a\u00f1os<\/strong>\u00a0y\u00a0<strong>una mujer de 83\u00a0<\/strong>que<strong>\u00a0<\/strong>resultaron con heridas de gravedad, por lo que\u00a0<strong>contin\u00faan hospitalizados<\/strong>.<\/p>\n\n\n\n<p>El accidente se registr\u00f3 el&nbsp;<strong>lunes 3 de marzo<\/strong>&nbsp;alrededor de las 6 de la tarde, cuando<strong>&nbsp;la familia regresaba de visitar las Pozas Azules<\/strong>, en la cascada \u00abTepe Guaje\u00bb. Aunque todos los ocupantes del veh\u00edculo resultaron lesionados, el menor y la adulta mayor fueron los m\u00e1s afectados y<strong>&nbsp;requieren atenci\u00f3n m\u00e9dica especializada.<\/strong><\/p>\n\n\n\n<p>En entrevista,<strong>&nbsp;Miriam Morales,<\/strong>&nbsp;familiar de las v\u00edctimas, inform\u00f3 que este mi\u00e9rcoles<strong>&nbsp;su t\u00eda ya fue trasladada a Puebla<\/strong>, donde requiere un&nbsp;<strong>injerto de piel en la pierna<\/strong>. Mientras tanto,&nbsp;<strong>el ni\u00f1o de tres a\u00f1os sigue hospitalizado&nbsp;<\/strong>y&nbsp;<strong>necesita ser trasladado al Hospital del Ni\u00f1o Poblano<\/strong>&nbsp;para recibir atenci\u00f3n especializada.<\/p>\n\n\n\n<p>Todo el apoyo que han recibido para los traslados ha sido por parte del<strong>\u00a0presidente municipal de Taxco, Guerrero.<\/strong>\u00a0Sin embargo, la familia sigue necesitando\u00a0<strong>ayuda econ\u00f3mica\u00a0<\/strong>para cubrir los\u00a0<strong>gastos hospitalarios, los da\u00f1os a propiedad privada, as\u00ed como su regreso a Puebla,<\/strong>\u00a0adem\u00e1s de apoyo para alimentos y hospedaje.<br>A trav\u00e9s de un video difundido en la p\u00e1gina de Maricelita Mart\u00ednez, dedicada a la<strong>\u00a0ayuda altruista <\/strong><strong>en Taxco,<\/strong>\u00a0se hizo un llamado a la comunidad para colaborar con donaciones. Quienes deseen contribuir, pueden hacerlo mediante la cuenta Azteca \u00abGuardadito\u00bb a nombre de<strong>\u00a0Aureliano Morales M\u00e9ndez,<\/strong>\u00a0con el n\u00famero 5432 1746 560066.<\/p>\n","protected":false},"excerpt":{"rendered":"<p>Una\u00a0familia\u00a0de al menos\u00a0nueve personas,\u00a0originaria de la comunidad de\u00a0San Francisco Buenavista,\u00a0perteneciente al municipio de\u00a0San Juan Tianguismanalco, sufri\u00f3 un\u00a0accidente automovil\u00edstico\u00a0en Taxco, Guerrero\u00a0durante un viaje de vacaciones. Entre los lesionados hay un\u00a0ni\u00f1o de tres a\u00f1os\u00a0y\u00a0una mujer de 83\u00a0que\u00a0resultaron con heridas de gravedad, por lo que\u00a0contin\u00faan hospitalizados. El accidente se registr\u00f3 el&nbsp;lunes 3 de marzo&nbsp;alrededor de las 6 de [&hellip;]<\/p>\n","protected":false},"author":4,"featured_media":59411,"comment_status":"open","ping_status":"open","sticky":false,"template":"","format":"standard","meta":{"om_disable_all_campaigns":false,"_monsterinsights_skip_tracking":false,"_monsterinsights_sitenote_active":false,"_monsterinsights_sitenote_note":"","_monsterinsights_sitenote_category":0,"footnotes":""},"categories":[175],"tags":[],"class_list":["post-59410","post","type-post","status-publish","format-standard","has-post-thumbnail","hentry","category-local"],"amp_enabled":true,"_links":{"self":[{"href":"https:\/\/lahora.mx\/index.php\/wp-json\/wp\/v2\/posts\/59410","targetHints":{"allow":["GET"]}}],"collection":[{"href":"https:\/\/lahora.mx\/index.php\/wp-json\/wp\/v2\/posts"}],"about":[{"href":"https:\/\/lahora.mx\/index.php\/wp-json\/wp\/v2\/types\/post"}],"author":[{"embeddable":true,"href":"https:\/\/lahora.mx\/index.php\/wp-json\/wp\/v2\/users\/4"}],"replies":[{"embeddable":true,"href":"https:\/\/lahora.mx\/index.php\/wp-json\/wp\/v2\/comments?post=59410"}],"version-history":[{"count":1,"href":"https:\/\/lahora.mx\/index.php\/wp-json\/wp\/v2\/posts\/59410\/revisions"}],"predecessor-version":[{"id":59412,"href":"https:\/\/lahora.mx\/index.php\/wp-json\/wp\/v2\/posts\/59410\/revisions\/59412"}],"wp:featuredmedia":[{"embeddable":true,"href":"https:\/\/lahora.mx\/index.php\/wp-json\/wp\/v2\/media\/59411"}],"wp:attachment":[{"href":"https:\/\/lahora.mx\/index.php\/wp-json\/wp\/v2\/media?parent=59410"}],"wp:term":[{"taxonomy":"category","embeddable":true,"href":"https:\/\/lahora.mx\/index.php\/wp-json\/wp\/v2\/categories?post=59410"},{"taxonomy":"post_tag","embeddable":true,"href":"https:\/\/lahora.mx\/index.php\/wp-json\/wp\/v2\/tags?post=59410"}],"curies":[{"name":"wp","href":"https:\/\/api.w.org\/{rel}","templated":true}]}}