{"id":59407,"date":"2025-03-06T15:52:54","date_gmt":"2025-03-06T15:52:54","guid":{"rendered":"https:\/\/lahora.mx\/?p=59407"},"modified":"2025-03-06T15:52:54","modified_gmt":"2025-03-06T15:52:54","slug":"continua-programa-de-bacheo-nocturno-en-puebla-capital","status":"publish","type":"post","link":"https:\/\/lahora.mx\/index.php\/2025\/03\/06\/continua-programa-de-bacheo-nocturno-en-puebla-capital\/","title":{"rendered":"Contin\u00faa programa de bacheo nocturno en Puebla capital"},"content":{"rendered":"\n<p>El presidente municipal,&nbsp;<strong>Jos\u00e9 Chedraui Budib<\/strong>, supervis\u00f3 los trabajos de la&nbsp;<strong>Campa\u00f1a Capitalina Nocturna<\/strong><strong>Bacheando Puebla<\/strong>, la cual se lleva a cabo con una inversi\u00f3n de&nbsp;<strong>109.9 millones de pesos<\/strong>.<\/p>\n\n\n\n<p>En su mensaje, el\u00a0<strong>edil capitalino<\/strong>\u00a0se\u00f1al\u00f3 que la mejora de las arterias viales contribuye a una\u00a0<strong>mejor conectividad en la ciudad<\/strong>, favorece el\u00a0<strong>desarrollo econ\u00f3mico<\/strong>\u00a0y promueve una imagen positiva del\u00a0<strong>entorno urbano.<\/strong><br>\u201cEstamos impulsando una\u00a0<strong>campa\u00f1a intensiva de bacheo<\/strong>. Para ello, tenemos proyectado atender\u00a0<strong>calles y avenidas<\/strong>\u00a0en diferentes zonas de nuestro municipio\u201d, asever\u00f3.<br>A su vez, el secretario de Movilidad e Infraestructura,\u00a0<strong>David Aysa,<\/strong>mencion\u00f3 que los trabajos de\u00a0<strong>bacheo<\/strong>\u00a0permiten la mejora de la\u00a0<strong>carpeta asf\u00e1ltica<\/strong>, el fortalecimiento de la\u00a0<strong>movilidad urbana<\/strong>\u00a0y se impulsa una\u00a0<strong>circulaci\u00f3n vehicular<\/strong>\u00a0m\u00e1s fluida, funcional y segura.<br>\u201cPor instrucci\u00f3n de nuestro presidente&nbsp;<strong>Pepe Chedraui<\/strong>&nbsp;estaremos interviniendo vialidades en diferentes puntos de la ciudad como, barrios,&nbsp;<strong>unidades habitacionales<\/strong>, colonias y&nbsp;<strong>juntas auxiliares<\/strong>\u201d, expres\u00f3.<\/p>\n\n\n\n<p>Los ciudadanos pueden&nbsp;<strong>reportar los baches<\/strong>&nbsp;a trav\u00e9s del n\u00famero telef\u00f3nico 072 y cuentas oficiales @PueblaAyto e @InfraPue.&nbsp;<\/p>\n","protected":false},"excerpt":{"rendered":"<p>El presidente municipal,&nbsp;Jos\u00e9 Chedraui Budib, supervis\u00f3 los trabajos de la&nbsp;Campa\u00f1a Capitalina NocturnaBacheando Puebla, la cual se lleva a cabo con una inversi\u00f3n de&nbsp;109.9 millones de pesos. En su mensaje, el\u00a0edil capitalino\u00a0se\u00f1al\u00f3 que la mejora de las arterias viales contribuye a una\u00a0mejor conectividad en la ciudad, favorece el\u00a0desarrollo econ\u00f3mico\u00a0y promueve una imagen positiva del\u00a0entorno urbano.\u201cEstamos impulsando [&hellip;]<\/p>\n","protected":false},"author":4,"featured_media":59408,"comment_status":"open","ping_status":"open","sticky":false,"template":"","format":"standard","meta":{"om_disable_all_campaigns":false,"_monsterinsights_skip_tracking":false,"_monsterinsights_sitenote_active":false,"_monsterinsights_sitenote_note":"","_monsterinsights_sitenote_category":0,"footnotes":""},"categories":[175],"tags":[195,223],"class_list":["post-59407","post","type-post","status-publish","format-standard","has-post-thumbnail","hentry","category-local","tag-principal","tag-puebla"],"amp_enabled":true,"_links":{"self":[{"href":"https:\/\/lahora.mx\/index.php\/wp-json\/wp\/v2\/posts\/59407","targetHints":{"allow":["GET"]}}],"collection":[{"href":"https:\/\/lahora.mx\/index.php\/wp-json\/wp\/v2\/posts"}],"about":[{"href":"https:\/\/lahora.mx\/index.php\/wp-json\/wp\/v2\/types\/post"}],"author":[{"embeddable":true,"href":"https:\/\/lahora.mx\/index.php\/wp-json\/wp\/v2\/users\/4"}],"replies":[{"embeddable":true,"href":"https:\/\/lahora.mx\/index.php\/wp-json\/wp\/v2\/comments?post=59407"}],"version-history":[{"count":1,"href":"https:\/\/lahora.mx\/index.php\/wp-json\/wp\/v2\/posts\/59407\/revisions"}],"predecessor-version":[{"id":59409,"href":"https:\/\/lahora.mx\/index.php\/wp-json\/wp\/v2\/posts\/59407\/revisions\/59409"}],"wp:featuredmedia":[{"embeddable":true,"href":"https:\/\/lahora.mx\/index.php\/wp-json\/wp\/v2\/media\/59408"}],"wp:attachment":[{"href":"https:\/\/lahora.mx\/index.php\/wp-json\/wp\/v2\/media?parent=59407"}],"wp:term":[{"taxonomy":"category","embeddable":true,"href":"https:\/\/lahora.mx\/index.php\/wp-json\/wp\/v2\/categories?post=59407"},{"taxonomy":"post_tag","embeddable":true,"href":"https:\/\/lahora.mx\/index.php\/wp-json\/wp\/v2\/tags?post=59407"}],"curies":[{"name":"wp","href":"https:\/\/api.w.org\/{rel}","templated":true}]}}