{"id":59386,"date":"2025-03-05T23:26:26","date_gmt":"2025-03-05T23:26:26","guid":{"rendered":"https:\/\/lahora.mx\/?p=59386"},"modified":"2025-03-05T23:26:26","modified_gmt":"2025-03-05T23:26:26","slug":"estados-unidos-congela-aranceles-a-industria-automotriz-un-mes-mas","status":"publish","type":"post","link":"https:\/\/lahora.mx\/index.php\/2025\/03\/05\/estados-unidos-congela-aranceles-a-industria-automotriz-un-mes-mas\/","title":{"rendered":"Estados Unidos congela aranceles a industria automotriz un mes m\u00e1s"},"content":{"rendered":"\n<p>Se retrasan otro mes aranceles al sector automotriz de&nbsp;<strong>M\u00e9xico<\/strong>&nbsp;y&nbsp;<strong>Canad\u00e1<\/strong>&nbsp;por el Tratado de Libre Comercio (<strong>T-MEC<\/strong>), confirm\u00f3 hoy&nbsp;<strong>Estados Unidos<\/strong>.<\/p>\n\n\n\n<p>La secretaria de prensa de la Casa Blanca,&nbsp;<strong>Karoline Leavitt<\/strong>, mencion\u00f3 que la&nbsp;<strong>industria automotriz<\/strong>&nbsp;no ser\u00e1 afectada durante un mes por los aranceles, ya que cumple con las reglas para el&nbsp;<strong>acceso libre de impuestos<\/strong>&nbsp;del&nbsp;<strong>T-MEC<\/strong>.<\/p>\n\n\n\n<p>\u201cHablamos con los tres grandes concesionarios de autom\u00f3viles (\u2026) vamos a otorgar una&nbsp;<strong>exenci\u00f3n<\/strong>&nbsp;a trav\u00e9s del&nbsp;<strong>Tratado Estados Unidos-M\u00e9xico-Canad\u00e1<\/strong>\u201d, inform\u00f3 Leavitt.<\/p>\n\n\n\n<p>La administraci\u00f3n de la Casa Blanca podr\u00eda inclinarse hacia otras\u00a0<strong>posibles excepciones<\/strong>\u00a0o\u00a0<strong>aplazamientos<\/strong>\u00a0debido al reclamo de los mercados de mantener un acuerdo de libre comercio con Estados Unidos.<br>Hasta el momento se desconoce cu\u00e1les podr\u00edan ser los&nbsp;<strong>cambios&nbsp;<\/strong>en la<strong>&nbsp;administraci\u00f3n<\/strong>&nbsp;de la Uni\u00f3n Americana.<\/p>\n\n\n\n<h2 class=\"wp-block-heading\"><strong>Fuentes informaron que Trump excluir\u00eda aranceles a industria automotriz<\/strong><\/h2>\n\n\n\n<p>Dos fuentes de fabricantes de autom\u00f3viles mencionaron un escenario donde\u00a0Donald Trump<strong>,<\/strong>\u00a0presidente de los\u00a0<strong>Estados Unidos<\/strong>, prolongar\u00eda las\u00a0<strong>medidas arancelarias<\/strong>\u00a0a la industria automotriz durante 30 d\u00edas.<\/p>\n\n\n\n<p>Para seguir exentos de aranceles, los\u00a0<strong>fabricantes de autom\u00f3viles<\/strong>tendr\u00edan invertir m\u00e1s en la\u00a0<strong>producci\u00f3n<\/strong>\u00a0<strong>automotriz<\/strong>\u00a0en\u00a0<strong>Estados Unidos<\/strong>.<br>Ambas fuentes recalcaron que ser\u00e1&nbsp;<strong>Trump<\/strong>&nbsp;quien decida cualquier acuerdo final y posibles&nbsp;<strong>cambios<\/strong>&nbsp;o&nbsp;<strong>excepciones<\/strong>&nbsp;a los sectores que puedan verse mayormente afectados en territorio estadunidense.<\/p>\n\n\n\n<h2 class=\"wp-block-heading\"><strong>Imposici\u00f3n a aranceles a M\u00e9xico se mantienen en otros sectores<\/strong><\/h2>\n\n\n\n<p>Trump confirm\u00f3 ayer la imposici\u00f3n de\u00a0<strong>aranceles<\/strong>\u00a0del 25 por ciento a las importaciones provenientes de\u00a0<strong>M\u00e9xico<\/strong>\u00a0y\u00a0Canad\u00e1.<\/p>\n\n\n\n<p>Esta estrategia comercial busca que ambos pa\u00edses refuercen la seguridad para evitar el paso de fentanilo y la inmigraci\u00f3n ilegal hacia\u00a0<strong>Estados Unidos<\/strong>.<br>La declaraci\u00f3n del republicano multimillonario gener\u00f3 incertidumbre en los inversores ante posibles&nbsp;<strong>incrementos en la inflaci\u00f3n<\/strong>&nbsp;y&nbsp;<strong>desequilibrios econ\u00f3micos<\/strong>&nbsp;derivados de las nuevas tarifas, declararon los centros de investigaci\u00f3n Brookings y Peterson Institute for International Economics (<strong>PIIE<\/strong>).<\/p>\n\n\n\n<p>El sector automotriz de la Uni\u00f3n Americana ser\u00eda uno de los m\u00e1s afectados por los aranceles, ya que las empresas dependen en gran medida de los\u00a0<strong>componentes<\/strong>\u00a0<strong>importados<\/strong>\u00a0de\u00a0<strong>M\u00e9xico<\/strong>\u00a0y\u00a0<strong>Canad\u00e1<\/strong>.\u00a0<\/p>\n","protected":false},"excerpt":{"rendered":"<p>Se retrasan otro mes aranceles al sector automotriz de&nbsp;M\u00e9xico&nbsp;y&nbsp;Canad\u00e1&nbsp;por el Tratado de Libre Comercio (T-MEC), confirm\u00f3 hoy&nbsp;Estados Unidos. La secretaria de prensa de la Casa Blanca,&nbsp;Karoline Leavitt, mencion\u00f3 que la&nbsp;industria automotriz&nbsp;no ser\u00e1 afectada durante un mes por los aranceles, ya que cumple con las reglas para el&nbsp;acceso libre de impuestos&nbsp;del&nbsp;T-MEC. \u201cHablamos con los tres grandes [&hellip;]<\/p>\n","protected":false},"author":4,"featured_media":59387,"comment_status":"open","ping_status":"open","sticky":false,"template":"","format":"standard","meta":{"om_disable_all_campaigns":false,"_monsterinsights_skip_tracking":false,"_monsterinsights_sitenote_active":false,"_monsterinsights_sitenote_note":"","_monsterinsights_sitenote_category":0,"footnotes":""},"categories":[176],"tags":[],"class_list":["post-59386","post","type-post","status-publish","format-standard","has-post-thumbnail","hentry","category-nacional"],"amp_enabled":true,"_links":{"self":[{"href":"https:\/\/lahora.mx\/index.php\/wp-json\/wp\/v2\/posts\/59386","targetHints":{"allow":["GET"]}}],"collection":[{"href":"https:\/\/lahora.mx\/index.php\/wp-json\/wp\/v2\/posts"}],"about":[{"href":"https:\/\/lahora.mx\/index.php\/wp-json\/wp\/v2\/types\/post"}],"author":[{"embeddable":true,"href":"https:\/\/lahora.mx\/index.php\/wp-json\/wp\/v2\/users\/4"}],"replies":[{"embeddable":true,"href":"https:\/\/lahora.mx\/index.php\/wp-json\/wp\/v2\/comments?post=59386"}],"version-history":[{"count":1,"href":"https:\/\/lahora.mx\/index.php\/wp-json\/wp\/v2\/posts\/59386\/revisions"}],"predecessor-version":[{"id":59388,"href":"https:\/\/lahora.mx\/index.php\/wp-json\/wp\/v2\/posts\/59386\/revisions\/59388"}],"wp:featuredmedia":[{"embeddable":true,"href":"https:\/\/lahora.mx\/index.php\/wp-json\/wp\/v2\/media\/59387"}],"wp:attachment":[{"href":"https:\/\/lahora.mx\/index.php\/wp-json\/wp\/v2\/media?parent=59386"}],"wp:term":[{"taxonomy":"category","embeddable":true,"href":"https:\/\/lahora.mx\/index.php\/wp-json\/wp\/v2\/categories?post=59386"},{"taxonomy":"post_tag","embeddable":true,"href":"https:\/\/lahora.mx\/index.php\/wp-json\/wp\/v2\/tags?post=59386"}],"curies":[{"name":"wp","href":"https:\/\/api.w.org\/{rel}","templated":true}]}}