{"id":59383,"date":"2025-03-05T23:15:04","date_gmt":"2025-03-05T23:15:04","guid":{"rendered":"https:\/\/lahora.mx\/?p=59383"},"modified":"2025-03-05T23:15:04","modified_gmt":"2025-03-05T23:15:04","slug":"300-casas-para-migrantes-seran-construidas-detras-del-poder-judicial","status":"publish","type":"post","link":"https:\/\/lahora.mx\/index.php\/2025\/03\/05\/300-casas-para-migrantes-seran-construidas-detras-del-poder-judicial\/","title":{"rendered":"300 casas para migrantes ser\u00e1n construidas detr\u00e1s del Poder Judicial"},"content":{"rendered":"\n<p>El municipio de&nbsp;San Andr\u00e9s Cholula&nbsp;ser\u00e1 sede de la construcci\u00f3n de&nbsp;<strong>300 viviendas&nbsp;<\/strong>para<strong>&nbsp;migrantes poblanos<\/strong>, como parte de un programa impulsado por los&nbsp;<strong>gobiernos federal y estatal<\/strong>.<\/p>\n\n\n\n<p>La alcaldesa&nbsp;<strong>Guadalupe Cuautle Torres<\/strong>&nbsp;confirm\u00f3 que el desarrollo habitacional se ubicar\u00e1 en un predio detr\u00e1s del<strong>&nbsp;Poder Judicial<\/strong>.<\/p>\n\n\n\n<p>Tras la firma de un convenio con una empresa constructora, la alcaldesa explic\u00f3 que el\u00a0<strong>Ayuntamiento\u00a0<\/strong>\u00fanicamente facilitar\u00e1 la<strong>construcci\u00f3n<\/strong>, pues la ejecuci\u00f3n del\u00a0<strong>proyecto<\/strong>\u00a0est\u00e1 a cargo de las\u00a0<strong>autoridades estatales<\/strong>\u00a0y\u00a0<strong>federales<\/strong>.<br><br><br>El Ayuntamiento de\u00a0<strong>San Andr\u00e9s Cholula<\/strong>\u00a0sigue a la espera de la resoluci\u00f3n del\u00a0<strong>Gobierno Estatal<\/strong>\u00a0para definir la fecha de arranque del proyecto.<\/p>\n\n\n\n<p>\u00abRealmente el tema de vivienda es el Gobierno Federal y Estatal. Nosotros s\u00f3lo estamos facilitando el tr\u00e1mite, el uso de suelo, toda la disposici\u00f3n para trabajar\u00bb, se\u00f1al\u00f3.<\/p>\n\n\n\n<p>Este programa forma parte de una&nbsp;<strong>estrategia nacional<\/strong>&nbsp;para brindar&nbsp;<strong>apoyo&nbsp;<\/strong>a<strong>&nbsp;migrantes deportados<\/strong>, con el que se asegurar\u00e1 no solo un lugar donde vivir, sino tambi\u00e9n facilidades para encontrar&nbsp;<strong>empleo<\/strong>&nbsp;en Puebla.<\/p>\n\n\n\n<p>De acuerdo con el gobernador&nbsp;<strong>Alejandro Armenta Mier<\/strong>, se tienen&nbsp;<strong>m\u00e1s de 3 mil vacantes<\/strong>&nbsp;disponibles para los beneficiarios de este programa en la entidad.<br><\/p>\n","protected":false},"excerpt":{"rendered":"<p>El municipio de&nbsp;San Andr\u00e9s Cholula&nbsp;ser\u00e1 sede de la construcci\u00f3n de&nbsp;300 viviendas&nbsp;para&nbsp;migrantes poblanos, como parte de un programa impulsado por los&nbsp;gobiernos federal y estatal. La alcaldesa&nbsp;Guadalupe Cuautle Torres&nbsp;confirm\u00f3 que el desarrollo habitacional se ubicar\u00e1 en un predio detr\u00e1s del&nbsp;Poder Judicial. Tras la firma de un convenio con una empresa constructora, la alcaldesa explic\u00f3 que el\u00a0Ayuntamiento\u00a0\u00fanicamente facilitar\u00e1 [&hellip;]<\/p>\n","protected":false},"author":4,"featured_media":59384,"comment_status":"open","ping_status":"open","sticky":false,"template":"","format":"standard","meta":{"om_disable_all_campaigns":false,"_monsterinsights_skip_tracking":false,"_monsterinsights_sitenote_active":false,"_monsterinsights_sitenote_note":"","_monsterinsights_sitenote_category":0,"footnotes":""},"categories":[175,1],"tags":[195,223],"class_list":["post-59383","post","type-post","status-publish","format-standard","has-post-thumbnail","hentry","category-local","category-sin-categoria","tag-principal","tag-puebla"],"amp_enabled":true,"_links":{"self":[{"href":"https:\/\/lahora.mx\/index.php\/wp-json\/wp\/v2\/posts\/59383","targetHints":{"allow":["GET"]}}],"collection":[{"href":"https:\/\/lahora.mx\/index.php\/wp-json\/wp\/v2\/posts"}],"about":[{"href":"https:\/\/lahora.mx\/index.php\/wp-json\/wp\/v2\/types\/post"}],"author":[{"embeddable":true,"href":"https:\/\/lahora.mx\/index.php\/wp-json\/wp\/v2\/users\/4"}],"replies":[{"embeddable":true,"href":"https:\/\/lahora.mx\/index.php\/wp-json\/wp\/v2\/comments?post=59383"}],"version-history":[{"count":1,"href":"https:\/\/lahora.mx\/index.php\/wp-json\/wp\/v2\/posts\/59383\/revisions"}],"predecessor-version":[{"id":59385,"href":"https:\/\/lahora.mx\/index.php\/wp-json\/wp\/v2\/posts\/59383\/revisions\/59385"}],"wp:featuredmedia":[{"embeddable":true,"href":"https:\/\/lahora.mx\/index.php\/wp-json\/wp\/v2\/media\/59384"}],"wp:attachment":[{"href":"https:\/\/lahora.mx\/index.php\/wp-json\/wp\/v2\/media?parent=59383"}],"wp:term":[{"taxonomy":"category","embeddable":true,"href":"https:\/\/lahora.mx\/index.php\/wp-json\/wp\/v2\/categories?post=59383"},{"taxonomy":"post_tag","embeddable":true,"href":"https:\/\/lahora.mx\/index.php\/wp-json\/wp\/v2\/tags?post=59383"}],"curies":[{"name":"wp","href":"https:\/\/api.w.org\/{rel}","templated":true}]}}