{"id":59371,"date":"2025-03-05T16:49:19","date_gmt":"2025-03-05T16:49:19","guid":{"rendered":"https:\/\/lahora.mx\/?p=59371"},"modified":"2025-03-05T16:49:19","modified_gmt":"2025-03-05T16:49:19","slug":"fernando-rosales-renuncia-como-titular-de-la-ssc-de-puebla-tras-protestas-de-policias-municipales","status":"publish","type":"post","link":"https:\/\/lahora.mx\/index.php\/2025\/03\/05\/fernando-rosales-renuncia-como-titular-de-la-ssc-de-puebla-tras-protestas-de-policias-municipales\/","title":{"rendered":"Fernando Rosales renuncia como titular de la SSC de Puebla, tras protestas de polic\u00edas municipales"},"content":{"rendered":"\n<p><strong>Fernando Rosales Sol\u00eds&nbsp;<\/strong>renunci\u00f3 este martes a la titularidad de la&nbsp;<strong>Secretar\u00eda de Seguridad Ciudadana (SSC) del municipio de Puebla<\/strong>, tras las&nbsp;<strong>recientes protestas que encabezaron polic\u00edas,&nbsp;<\/strong>a ra\u00edz del a<strong>sesinato de dos integrantes de la corporaci\u00f3n el pasado 1 de marzo.&nbsp;<\/strong><\/p>\n\n\n\n<p>Por medio de su cuenta en X, antes Twitter, el presidente municipal de Puebla,\u00a0<strong>Jos\u00e9 Chedraui Budib,\u00a0<\/strong>inform\u00f3 del reciente cambio al frente de la dependencia municipal: \u201c<em>Les informo que\u00a0<strong>he aceptado la renuncia formal del doctor Fernando<\/strong>, quien hasta hoy se desempe\u00f1\u00f3 como Secretario de la @SSC_Pue<\/em>\u201d.\u00a0<br><br>En el texto, se\u00f1al\u00f3 que Fernando Rosales se integrar\u00e1, en los pr\u00f3ximos d\u00edas, a&nbsp;<strong>la estructura de lo que ser\u00e1 la Subsecretar\u00eda de Pol\u00edtica Criminal Vinculaci\u00f3n y Protecci\u00f3n Civil<\/strong>, adscrita a la Secretar\u00eda de Seguridad y Protecci\u00f3n Ciudadana del gobierno federal.&nbsp;<\/p>\n\n\n\n<p>\u201c<strong>Quiero agradecerle sentidamente su entrega, lealtad y profesionalismo<\/strong>\u00a0en el tiempo que estuvo al frente de nuestra corporaci\u00f3n. Su integridad siempre fue un activo que valoro y reconozco\u201d.\u00a0<br><br>El presidente municipal afirm\u00f3 que<strong>&nbsp;su administraci\u00f3n continuar\u00e1 trabajando en coordinaci\u00f3n con el Estado y la Federaci\u00f3n,<\/strong>&nbsp;para salvaguardar la seguridad de las poblanas y los poblanos, de los elementos y la tranquilidad de las familias.<\/p>\n\n\n\n<p>La salida de Fernando Rosales de la SSC ocurri\u00f3 tras<strong>&nbsp;las recientes movilizaciones&nbsp;<\/strong>que protagonizaron integrantes de la Polic\u00eda Municipal.&nbsp;<\/p>\n\n\n\n<p>La primera de ellas tuvo lugar frente a la\u00a0<strong>sede del ayuntamiento de Puebla,<\/strong>\u00a0donde exigieron la destituci\u00f3n de\u00a0<strong>Gustavo Alonso Zapata<\/strong>, director de Operaciones Especiales y\u00a0<strong>Fernando Rosales Sol\u00eds<\/strong>, titular de la dependencia, esto\u00a0<strong>tras el asesinato de dos uniformados\u00a0<\/strong>quienes fueron acribillados por un grupo criminal en<strong>\u00a0la colonia Del Valle.\u00a0<\/strong><br><br>Seguido de ello,&nbsp;<strong>los polic\u00edas protestaron en la Direcci\u00f3n de Emergencias y Respuesta Inmediata (DERI)<\/strong>, mientras el alcalde sosten\u00eda&nbsp;<strong>una reuni\u00f3n con una comitiva de los inconformes&nbsp;<\/strong>para atender sus peticiones.&nbsp;<\/p>\n\n\n\n<p>En d\u00edas pasados,<strong>&nbsp;la Secretar\u00eda de Seguridad Ciudadana inform\u00f3 que Gustavo Alonso Zapata, alias \u201cSauce\u201d,<\/strong>&nbsp;tambi\u00e9n present\u00f3 su renuncia con car\u00e1cter irrevocable.&nbsp;<\/p>\n\n\n\n<p>Incluso,&nbsp;<strong>el jueves 5 de marzo habr\u00eda otra reuni\u00f3n, donde se evaluar\u00eda la permanencia de Fernando Rosales en la SSC,<\/strong>&nbsp;aunque ya no ser\u00e1 necesario porque renunci\u00f3. Hasta la publicaci\u00f3n de esta nota period\u00edstica se desconoce<strong>&nbsp;qui\u00e9n ser\u00e1 su relevo.&nbsp;&nbsp;<\/strong><\/p>\n","protected":false},"excerpt":{"rendered":"<p>Fernando Rosales Sol\u00eds&nbsp;renunci\u00f3 este martes a la titularidad de la&nbsp;Secretar\u00eda de Seguridad Ciudadana (SSC) del municipio de Puebla, tras las&nbsp;recientes protestas que encabezaron polic\u00edas,&nbsp;a ra\u00edz del asesinato de dos integrantes de la corporaci\u00f3n el pasado 1 de marzo.&nbsp; Por medio de su cuenta en X, antes Twitter, el presidente municipal de Puebla,\u00a0Jos\u00e9 Chedraui Budib,\u00a0inform\u00f3 del [&hellip;]<\/p>\n","protected":false},"author":4,"featured_media":59372,"comment_status":"open","ping_status":"open","sticky":false,"template":"","format":"standard","meta":{"om_disable_all_campaigns":false,"_monsterinsights_skip_tracking":false,"_monsterinsights_sitenote_active":false,"_monsterinsights_sitenote_note":"","_monsterinsights_sitenote_category":0,"footnotes":""},"categories":[175],"tags":[195],"class_list":["post-59371","post","type-post","status-publish","format-standard","has-post-thumbnail","hentry","category-local","tag-principal"],"amp_enabled":true,"_links":{"self":[{"href":"https:\/\/lahora.mx\/index.php\/wp-json\/wp\/v2\/posts\/59371","targetHints":{"allow":["GET"]}}],"collection":[{"href":"https:\/\/lahora.mx\/index.php\/wp-json\/wp\/v2\/posts"}],"about":[{"href":"https:\/\/lahora.mx\/index.php\/wp-json\/wp\/v2\/types\/post"}],"author":[{"embeddable":true,"href":"https:\/\/lahora.mx\/index.php\/wp-json\/wp\/v2\/users\/4"}],"replies":[{"embeddable":true,"href":"https:\/\/lahora.mx\/index.php\/wp-json\/wp\/v2\/comments?post=59371"}],"version-history":[{"count":1,"href":"https:\/\/lahora.mx\/index.php\/wp-json\/wp\/v2\/posts\/59371\/revisions"}],"predecessor-version":[{"id":59373,"href":"https:\/\/lahora.mx\/index.php\/wp-json\/wp\/v2\/posts\/59371\/revisions\/59373"}],"wp:featuredmedia":[{"embeddable":true,"href":"https:\/\/lahora.mx\/index.php\/wp-json\/wp\/v2\/media\/59372"}],"wp:attachment":[{"href":"https:\/\/lahora.mx\/index.php\/wp-json\/wp\/v2\/media?parent=59371"}],"wp:term":[{"taxonomy":"category","embeddable":true,"href":"https:\/\/lahora.mx\/index.php\/wp-json\/wp\/v2\/categories?post=59371"},{"taxonomy":"post_tag","embeddable":true,"href":"https:\/\/lahora.mx\/index.php\/wp-json\/wp\/v2\/tags?post=59371"}],"curies":[{"name":"wp","href":"https:\/\/api.w.org\/{rel}","templated":true}]}}