{"id":59365,"date":"2025-03-05T16:36:34","date_gmt":"2025-03-05T16:36:34","guid":{"rendered":"https:\/\/lahora.mx\/?p=59365"},"modified":"2025-03-05T16:36:35","modified_gmt":"2025-03-05T16:36:35","slug":"176-empresas-y-mas-de-11-mil-empleos-en-riesgo-tras-la-implementacion-de-aranceles-por-el-25-por-ciento","status":"publish","type":"post","link":"https:\/\/lahora.mx\/index.php\/2025\/03\/05\/176-empresas-y-mas-de-11-mil-empleos-en-riesgo-tras-la-implementacion-de-aranceles-por-el-25-por-ciento\/","title":{"rendered":"176 empresas y m\u00e1s de 11 mil empleos en riesgo tras la implementaci\u00f3n de aranceles por el 25 por ciento"},"content":{"rendered":"\n<p>La reciente aplicaci\u00f3n de&nbsp;<strong>aranceles del 25 por ciento para todos los productos mexicanos<\/strong>&nbsp;que ingresen a&nbsp;<strong>Estados Unidos<\/strong>, ha generado&nbsp;<strong>preocupaci\u00f3n en el sector privado de Puebla<\/strong>&nbsp;debido a la fuerte&nbsp;<strong>dependencia econ\u00f3mica<\/strong>&nbsp;que tienen con dicho mercado. La medida compromete&nbsp;<strong>la estabilidad de 176 empresas, 11 mil 099 empleos y m\u00e1s de mil 600 millones de d\u00f3lares<\/strong>&nbsp;en ingresos por exportaci\u00f3n.&nbsp;<\/p>\n\n\n\n<p>Ante este panorama de incertidumbre,\u00a0<strong>el Gobierno de Puebla y los empresarios han creado un plan de acci\u00f3n<\/strong>\u00a0para hacerle frente a\u00a0<strong>los efectos negativos<\/strong>. Algunos puntos son\u00a0<strong>fomentar estrategias de exportaci\u00f3n y diversificaci\u00f3n de productos<\/strong>\u00a0a otros pa\u00edses de\u00a0<strong>Europa, Asia o Am\u00e9rica Latina<\/strong>, desarrollar la\u00a0<strong>proveedur\u00eda local y cuidar las finanzas de las empresas<\/strong>\u00a0para mantener su rentabilidad.<br><br><strong>Guillermo Malpica Soto<\/strong>, consejero regional de inversiones del&nbsp;<strong>Consejo Mexicano de Comercio Exterior regi\u00f3n sur (COMCE Sur),<\/strong>&nbsp;estima que esta pol\u00edtica arancelaria, que&nbsp;<strong>entr\u00f3 en vigor ayer 4 de marzo,<\/strong>afectar\u00e1 a todas las empresas exportadoras de la entidad,&nbsp;<strong>reducir\u00e1 en 12 por ciento las exportaciones<\/strong>&nbsp;y en un&nbsp;<strong>14 por ciento las fuentes de empleo.<\/strong><\/p>\n\n\n\n<p>Comparando sus proyecciones con las cifras del&nbsp;<strong>Instituto Nacional de Estad\u00edstica y Geograf\u00eda (INEGI),<\/strong>se puede interpretar que&nbsp;<strong>el impacto econ\u00f3mico se presentar\u00e1 en las 176 compa\u00f1\u00edas exportadoras<\/strong>, las cuales est\u00e1n distribuidas en&nbsp;<strong>16 sectores productivos diferentes.&nbsp;<\/strong><\/p>\n\n\n\n<p><strong>La mayor afectaci\u00f3n,<\/strong>&nbsp;por su volumen de exportaci\u00f3n, estar\u00e1 en&nbsp;<strong>la industria automotriz, alimentos, pl\u00e1stico, textil, productos met\u00e1licos, industria qu\u00edmica,<\/strong>&nbsp;la agricultura, el papel, cr\u00eda y explotaci\u00f3n de animales,&nbsp;<strong>industria de bebidas y tabaco, la fabricaci\u00f3n de productos a base de minerales met\u00e1licos y no met\u00e1licos<\/strong>, as\u00ed como la elaboraci\u00f3n de muebles, colchones y persianas.&nbsp;<\/p>\n\n\n\n<p>Todas estas,&nbsp;<strong>podr\u00edan perder alrededor de mil 680 millones 980 mil d\u00f3lares de sus ingresos<\/strong>&nbsp;por exportaci\u00f3n, ya que&nbsp;<strong>pasar\u00edan de los 14 mil 008 millones 170 mil d\u00f3lares<\/strong>&nbsp;que captaron de enero a septiembre de 2024, a&nbsp;<strong>12 mil 327 millones 189 mil d\u00f3lares<\/strong>&nbsp;para el mismo periodo de 2025.&nbsp;<\/p>\n\n\n\n<p>Esta situaci\u00f3n tambi\u00e9n se ver\u00e1 reflejada en las\u00a0<strong>fuentes de trabajo<\/strong>, puesto que\u00a0<strong>de los 79 mil 348 empleos registrados dentro del mercado exportador poblano<\/strong>, se ver\u00edan\u00a0<strong>comprometidos el 14 por ciento<\/strong>, es decir, se podr\u00edan perder 11 mil 099 plazas.<br><br>C\u00e1maras empresariales expresan su preocupaci\u00f3n<\/p>\n\n\n\n<p>Ante los efectos econ\u00f3micos y laborales que tendr\u00e1 la pol\u00edtica arancelaria de&nbsp;<strong>Donald Trump,&nbsp;<\/strong>presidente de Estados Unidos, diversas&nbsp;<strong>c\u00e1maras empresariales han manifestado su preocupaci\u00f3n.<\/strong><\/p>\n\n\n\n<p>En un comunicado conjunto, la&nbsp;<strong>Asociaci\u00f3n Mexicana de la Industria Automotriz (AMIA),<\/strong>&nbsp;la Industria Nacional de Autopartes (INA), la&nbsp;<strong>Asociaci\u00f3n Mexicana de Distribuidores de Automotores (AMDA)<\/strong>&nbsp;y la Asociaci\u00f3n Nacional de Productores de Autobuses, Camiones y Tractocamiones (ANPACT), expresaron que&nbsp;<strong>los aranceles afectar\u00e1n la estabilidad y competitividad de las cadenas de suministro<\/strong>&nbsp;de la industria automotriz y de autopartes, que es un sector clave para la econom\u00eda regional.&nbsp;<\/p>\n\n\n\n<p>Esta medida har\u00e1 que\u00a0<strong>la manufactura de veh\u00edculos ligeros y pesados,<\/strong>\u00a0as\u00ed como la manufactura de componentes para la industria,\u00a0<strong>deje de ser eficiente, con altos est\u00e1ndares de calidad y costos competitivos<\/strong>.<br><br><br><strong>Las empresas automotrices<em>\u00a0y de su cadena de valor que tienen actividades de producci\u00f3n en M\u00e9xico, as\u00ed como en Am\u00e9rica del Norte,\u00a0<\/em>han hecho grandes esfuerzos de inversi\u00f3n, generaci\u00f3n de empleo y beneficio a nuestras sociedades<em>, y han hecho de la industria un pilar de la econom\u00eda regional. Por eso, es fundamental\u00a0<\/em>no atentar contra las fuentes de oportunidades de bienestar de los tres pa\u00edses<em>,\u00a0<\/em><\/strong><br><br><br>Esta postura fue respaldada por&nbsp;<strong>las dos grandes armadoras de veh\u00edculos con sede en Puebla<\/strong>, que son&nbsp;<strong>Volkswagen de M\u00e9xico y Audi M\u00e9xico<\/strong>, seg\u00fan lo indicaron a este medio de comunicaci\u00f3n.<\/p>\n\n\n\n<p>Por su parte, la Confederaci\u00f3n Patronal de la Rep\u00fablica Mexicana&nbsp;<strong>(Coparmex), dijo que imponer aranceles significar\u00e1 un retroceso en la relaci\u00f3n comercial<\/strong>&nbsp;entre los pa\u00edses y vulnera la competitividad de la regi\u00f3n.<\/p>\n\n\n\n<p>Incluso, agreg\u00f3 que esto&nbsp;<strong>trastoca los principios del Tratado de Libre Comercio entre M\u00e9xico, Estados Unidos y Canad\u00e1 (T-MEC),<\/strong>&nbsp;lo que genera incertidumbre en los sectores productivos.&nbsp;<\/p>\n\n\n\n<p>A este comentario, la C\u00e1mara Nacional de la Industria de la Transformaci\u00f3n&nbsp;<strong>(Canacintra) abon\u00f3 que la medida es algo arbitraria<\/strong>&nbsp;y obedece a la presi\u00f3n que quieren ejercer en contra del Gobierno Mexicano para que endurezca sus estrategias en contra del tr\u00e1fico de drogas y detenga la migraci\u00f3n a su territorio.<\/p>\n\n\n\n<p>Por ello, consider\u00f3 que\u00a0<strong>la acci\u00f3n del gobierno y la industria nacional debe ser inmediata para mitigar impactos negativos,<\/strong>\u00a0dada la alta din\u00e1mica comercial que hay con Estados Unidos.<br>Presentan plan para hacerle frente a los aranceles<\/p>\n\n\n\n<p>Ante la entrada en vigor de aranceles a M\u00e9xico, el titular de la Secretar\u00eda de Desarrollo Econ\u00f3mico y Trabajo (Sedetra) en Puebla,&nbsp;<strong>V\u00edctor Gabriel Chedraui, dio a conocer que Puebla cuenta con dec\u00e1logo de acciones<\/strong>&nbsp;enfocadas a fortalecer la econom\u00eda estatal.<\/p>\n\n\n\n<p>Su plan de acci\u00f3n consiste en&nbsp;<strong>fomentar estrategias de exportaci\u00f3n y diversificaci\u00f3n de productos poblanos<\/strong>&nbsp;a&nbsp;<strong>Canad\u00e1, Europa, Asia o Am\u00e9rica Latina<\/strong>; capacitaci\u00f3n para mejorar la calidad de art\u00edculos locales, y&nbsp;<strong>crear un programa para el desarrollo de proveedores locales<\/strong>&nbsp;y as\u00ed reducir la dependencia de insumos estadounidenses afectados por aranceles.<\/p>\n\n\n\n<p>Tambi\u00e9n buscar\u00e1n&nbsp;<strong>impulsar programas que vinculen a empresas poblanas con programas de otros pa\u00edses<\/strong>; reforzar la seguridad en carreteras;&nbsp;<strong>facilitar tr\u00e1mites aduaneros y fomentar la colaboraci\u00f3n<\/strong>entre empresas y universidades.<\/p>\n\n\n\n<p>Mientras tanto, el sector privado poblano, que es representado por\u00a0<strong>el Consejo Coordinador Empresarial (CCE),<\/strong>\u00a0tambi\u00e9n har\u00e1 lo propio para mitigar los efectos arancelarios.\u00a0<a href=\"https:\/\/oem.com.mx\/elsoldepuebla\/finanzas\/volkswagen-de-mexico-confirma-que-despidio-a-156-trabajadores-de-puebla-para-optimizar-costos-21947173\"><a href=\"https:\/\/oem.com.mx\/elsoldepuebla\/finanzas\/volkswagen-de-mexico-confirma-que-despidio-a-156-trabajadores-de-puebla-para-optimizar-costos-21947173\"><\/p>\n\n\n\n<p><strong>H\u00e9ctor Alberto S\u00e1nchez Morales<\/strong>, presidente local el organismo, dijo que&nbsp;<strong>las empresas de la entidad comenzar\u00e1n a cuidar sus finanzas<\/strong>&nbsp;y no se endeudar\u00e1n para tener un&nbsp;<strong>respaldo econ\u00f3mico&nbsp;<\/strong>en caso de ver&nbsp;<strong>una ca\u00edda en la demanda de sus productos.&nbsp;<\/strong><\/p>\n\n\n\n<p>\u201c<em>Hoy m\u00e1s que nunca&nbsp;<strong>debemos ser muy cautos, aparte de fortalecer el consumo interno y diversificar nuestras exportaciones<\/strong>, tambi\u00e9n es importante cuidar nuestras finanzas por si la situaci\u00f3n se complica<\/em>\u201d, finaliz\u00f3.<\/p>\n\n\n\n<p><\/p>\n","protected":false},"excerpt":{"rendered":"<p>La reciente aplicaci\u00f3n de&nbsp;aranceles del 25 por ciento para todos los productos mexicanos&nbsp;que ingresen a&nbsp;Estados Unidos, ha generado&nbsp;preocupaci\u00f3n en el sector privado de Puebla&nbsp;debido a la fuerte&nbsp;dependencia econ\u00f3mica&nbsp;que tienen con dicho mercado. La medida compromete&nbsp;la estabilidad de 176 empresas, 11 mil 099 empleos y m\u00e1s de mil 600 millones de d\u00f3lares&nbsp;en ingresos por exportaci\u00f3n.&nbsp; Ante [&hellip;]<\/p>\n","protected":false},"author":4,"featured_media":59366,"comment_status":"open","ping_status":"open","sticky":false,"template":"","format":"standard","meta":{"om_disable_all_campaigns":false,"_monsterinsights_skip_tracking":false,"_monsterinsights_sitenote_active":false,"_monsterinsights_sitenote_note":"","_monsterinsights_sitenote_category":0,"footnotes":""},"categories":[176],"tags":[223],"class_list":["post-59365","post","type-post","status-publish","format-standard","has-post-thumbnail","hentry","category-nacional","tag-puebla"],"amp_enabled":true,"_links":{"self":[{"href":"https:\/\/lahora.mx\/index.php\/wp-json\/wp\/v2\/posts\/59365","targetHints":{"allow":["GET"]}}],"collection":[{"href":"https:\/\/lahora.mx\/index.php\/wp-json\/wp\/v2\/posts"}],"about":[{"href":"https:\/\/lahora.mx\/index.php\/wp-json\/wp\/v2\/types\/post"}],"author":[{"embeddable":true,"href":"https:\/\/lahora.mx\/index.php\/wp-json\/wp\/v2\/users\/4"}],"replies":[{"embeddable":true,"href":"https:\/\/lahora.mx\/index.php\/wp-json\/wp\/v2\/comments?post=59365"}],"version-history":[{"count":1,"href":"https:\/\/lahora.mx\/index.php\/wp-json\/wp\/v2\/posts\/59365\/revisions"}],"predecessor-version":[{"id":59367,"href":"https:\/\/lahora.mx\/index.php\/wp-json\/wp\/v2\/posts\/59365\/revisions\/59367"}],"wp:featuredmedia":[{"embeddable":true,"href":"https:\/\/lahora.mx\/index.php\/wp-json\/wp\/v2\/media\/59366"}],"wp:attachment":[{"href":"https:\/\/lahora.mx\/index.php\/wp-json\/wp\/v2\/media?parent=59365"}],"wp:term":[{"taxonomy":"category","embeddable":true,"href":"https:\/\/lahora.mx\/index.php\/wp-json\/wp\/v2\/categories?post=59365"},{"taxonomy":"post_tag","embeddable":true,"href":"https:\/\/lahora.mx\/index.php\/wp-json\/wp\/v2\/tags?post=59365"}],"curies":[{"name":"wp","href":"https:\/\/api.w.org\/{rel}","templated":true}]}}