{"id":59357,"date":"2025-03-05T02:10:12","date_gmt":"2025-03-05T02:10:12","guid":{"rendered":"https:\/\/lahora.mx\/?p=59357"},"modified":"2025-03-05T02:10:13","modified_gmt":"2025-03-05T02:10:13","slug":"roberto-solis-presentara-la-denuncia-contra-el-danzante-que-golpeo-a-un-caballo","status":"publish","type":"post","link":"https:\/\/lahora.mx\/index.php\/2025\/03\/05\/roberto-solis-presentara-la-denuncia-contra-el-danzante-que-golpeo-a-un-caballo\/","title":{"rendered":"Roberto Sol\u00eds presentar\u00e1 la denuncia contra el danzante que golpe\u00f3 a un caballo"},"content":{"rendered":"\n<p><strong>El presidente municipal de Huejotzingo, Roberto Sol\u00eds Valles<\/strong>, dio a conocer que se presentar\u00e1n las denuncias\u00a0correspondientes contra el danzante que agredi\u00f3 con un rifle a un caballo durante el carnaval de Huejotzingo.\u00a0<strong>Este acto no quedar\u00e1 impune y ya se est\u00e1 buscando identificar a esta persona.<\/strong><br>Mediante un comunicado,\u00a0<strong>el presidente municipal de Huejotzingo, Roberto Sol\u00eds Valles, se\u00f1al\u00f3 que, despu\u00e9s de la lamentable y cobarde agresi\u00f3n a un caballo<\/strong>, el gobierno no se va a quedar de brazos cruzados. Se realizar\u00e1 un acompa\u00f1amiento para valorar\u00a0<strong>el estado de salud de este equino, adem\u00e1s de que se presentar\u00e1 la denuncia correspondiente.<\/strong><\/p>\n\n\n\n<p><strong>En este sentido, se\u00f1al\u00f3 que ya dialogaron con el patronato del carnaval<\/strong>, donde llegaron al acuerdo de que, en conjunto con los generales. Estar\u00e1n buscando a todos los animales que han sufrido agresiones por parte de personas,&nbsp;<strong>ya que coinciden con los ideales del gobernador Alejandro Llanta<\/strong>&nbsp;a favor del respeto de los derechos de los seres sintientes.<\/p>\n\n\n\n<p>Finalmente,&nbsp;<strong>se\u00f1al\u00f3 que esta agresi\u00f3n contra el equino durante la celebraci\u00f3n del carnaval no quedar\u00e1 impune<\/strong>. Se est\u00e1 buscando a la persona responsable de este hecho y, en cuanto est\u00e9 identificada, se les har\u00e1 saber para que pague las consecuencias.&nbsp;<strong>Ya que podr\u00eda enfrentar hasta 4 a\u00f1os de prisi\u00f3n y una multa econ\u00f3mica de m\u00e1s de 33 mil pesos.<\/strong><\/p>\n","protected":false},"excerpt":{"rendered":"<p>El presidente municipal de Huejotzingo, Roberto Sol\u00eds Valles, dio a conocer que se presentar\u00e1n las denuncias\u00a0correspondientes contra el danzante que agredi\u00f3 con un rifle a un caballo durante el carnaval de Huejotzingo.\u00a0Este acto no quedar\u00e1 impune y ya se est\u00e1 buscando identificar a esta persona.Mediante un comunicado,\u00a0el presidente municipal de Huejotzingo, Roberto Sol\u00eds Valles, se\u00f1al\u00f3 [&hellip;]<\/p>\n","protected":false},"author":4,"featured_media":59358,"comment_status":"open","ping_status":"open","sticky":false,"template":"","format":"standard","meta":{"om_disable_all_campaigns":false,"_monsterinsights_skip_tracking":false,"_monsterinsights_sitenote_active":false,"_monsterinsights_sitenote_note":"","_monsterinsights_sitenote_category":0,"footnotes":""},"categories":[175],"tags":[223],"class_list":["post-59357","post","type-post","status-publish","format-standard","has-post-thumbnail","hentry","category-local","tag-puebla"],"amp_enabled":true,"_links":{"self":[{"href":"https:\/\/lahora.mx\/index.php\/wp-json\/wp\/v2\/posts\/59357","targetHints":{"allow":["GET"]}}],"collection":[{"href":"https:\/\/lahora.mx\/index.php\/wp-json\/wp\/v2\/posts"}],"about":[{"href":"https:\/\/lahora.mx\/index.php\/wp-json\/wp\/v2\/types\/post"}],"author":[{"embeddable":true,"href":"https:\/\/lahora.mx\/index.php\/wp-json\/wp\/v2\/users\/4"}],"replies":[{"embeddable":true,"href":"https:\/\/lahora.mx\/index.php\/wp-json\/wp\/v2\/comments?post=59357"}],"version-history":[{"count":1,"href":"https:\/\/lahora.mx\/index.php\/wp-json\/wp\/v2\/posts\/59357\/revisions"}],"predecessor-version":[{"id":59359,"href":"https:\/\/lahora.mx\/index.php\/wp-json\/wp\/v2\/posts\/59357\/revisions\/59359"}],"wp:featuredmedia":[{"embeddable":true,"href":"https:\/\/lahora.mx\/index.php\/wp-json\/wp\/v2\/media\/59358"}],"wp:attachment":[{"href":"https:\/\/lahora.mx\/index.php\/wp-json\/wp\/v2\/media?parent=59357"}],"wp:term":[{"taxonomy":"category","embeddable":true,"href":"https:\/\/lahora.mx\/index.php\/wp-json\/wp\/v2\/categories?post=59357"},{"taxonomy":"post_tag","embeddable":true,"href":"https:\/\/lahora.mx\/index.php\/wp-json\/wp\/v2\/tags?post=59357"}],"curies":[{"name":"wp","href":"https:\/\/api.w.org\/{rel}","templated":true}]}}