{"id":59354,"date":"2025-03-05T02:01:22","date_gmt":"2025-03-05T02:01:22","guid":{"rendered":"https:\/\/lahora.mx\/?p=59354"},"modified":"2025-03-05T02:01:23","modified_gmt":"2025-03-05T02:01:23","slug":"lupita-cuautle-firma-convenio-con-cdh-para-fortalecer-derechos-humano","status":"publish","type":"post","link":"https:\/\/lahora.mx\/index.php\/2025\/03\/05\/lupita-cuautle-firma-convenio-con-cdh-para-fortalecer-derechos-humano\/","title":{"rendered":"Lupita Cuautle firma convenio con CDH para fortalecer derechos humano"},"content":{"rendered":"\n<p>La presidenta municipal de\u00a0<strong>San Andr\u00e9s Cholula<\/strong>,\u00a0<strong>Guadalupe (Lupita) Cuautle<\/strong>, y la titular de la\u00a0<strong>Comisi\u00f3n de Derechos Humanos (CDH)<\/strong>\u00a0<strong>del Estado de Puebla<\/strong>\u00a0, Rosa Isela S\u00e1nchez Soya, firmaron un convenio de colaboraci\u00f3n para promover el respeto y la protecci\u00f3n de los<strong>\u00a0derechos humanos<\/strong>\u00a0a trav\u00e9s de diversas actividades, programas y acciones.<\/p>\n\n\n\n<p>Durante su intervenci\u00f3n,&nbsp;<strong>Cuautle Torres<\/strong>&nbsp;enfatiz\u00f3 que la defensa de los<strong>&nbsp;derechos humanos<\/strong>&nbsp;debe traducirse en acciones&nbsp;<strong>concretas<\/strong>&nbsp;y transversales.<\/p>\n\n\n\n<p>Destac\u00f3 la importancia de trabajar con&nbsp;<strong>responsabilidad&nbsp;<\/strong>y contar con el respaldo de instituciones como la&nbsp;<strong>CDH Puebla<\/strong>.<\/p>\n\n\n\n<p>Rosa Isela S\u00e1nchez Soya afirm\u00f3 que la\u00a0<strong>Comisi\u00f3n\u00a0<\/strong>respaldar\u00e1 esfuerzos y alianzas en favor de la poblaci\u00f3n de\u00a0<strong>San Andr\u00e9s Cholul<\/strong>a. Subray\u00f3 que el compromiso con los derechos humanos debe ir m\u00e1s all\u00e1 del papel y reflejarse en formaci\u00f3n, estudio y promoci\u00f3n.<br>Compromiso con&nbsp;<strong>derechos humanos<\/strong>&nbsp;y atenci\u00f3n a temas de migraci\u00f3n<\/p>\n\n\n\n<figure class=\"wp-block-image\"><img decoding=\"async\" src=\"https:\/\/mtpnoticias.com\/wp-content\/uploads\/2025\/03\/Lupita-Cuautle-firmando-convenio-con-CDH-Puebla-1024x682.webp\" alt=\"Lupita Cuautle firma convenio con CDH para fortalecer derechos humanos\" class=\"wp-image-512384\"\/><figcaption class=\"wp-element-caption\">Lupita Cuautle firmando convenio con CDH Puebla&nbsp;Cr\u00e9ditos:&nbsp;Especial<\/figcaption><\/figure>\n\n\n\n<p><strong>Nohem\u00ed Azcatl Cort\u00e9s<\/strong>, titular de la\u00a0Secretar\u00eda de Bienestar, se\u00f1al\u00f3 que esta alianza permitir\u00e1 alinear las pol\u00edticas locales con est\u00e1ndares nacionales e internacionales. Se dar\u00e1 especial atenci\u00f3n a temas de migraci\u00f3n y\u00a0<strong>bienestar<\/strong>\u00a0<strong>social<\/strong>.<\/p>\n\n\n\n<p>Con estas&nbsp;<strong>acciones<\/strong>, el gobierno municipal reafirma su&nbsp;<strong>compromiso<\/strong>&nbsp;de construir una&nbsp;<strong>sociedad<\/strong>&nbsp;m\u00e1s&nbsp;<strong>justa<\/strong>,&nbsp;<strong>inclusiva&nbsp;<\/strong>y&nbsp;<strong>solidaria<\/strong>.<\/p>\n","protected":false},"excerpt":{"rendered":"<p>La presidenta municipal de\u00a0San Andr\u00e9s Cholula,\u00a0Guadalupe (Lupita) Cuautle, y la titular de la\u00a0Comisi\u00f3n de Derechos Humanos (CDH)\u00a0del Estado de Puebla\u00a0, Rosa Isela S\u00e1nchez Soya, firmaron un convenio de colaboraci\u00f3n para promover el respeto y la protecci\u00f3n de los\u00a0derechos humanos\u00a0a trav\u00e9s de diversas actividades, programas y acciones. Durante su intervenci\u00f3n,&nbsp;Cuautle Torres&nbsp;enfatiz\u00f3 que la defensa de los&nbsp;derechos [&hellip;]<\/p>\n","protected":false},"author":4,"featured_media":59355,"comment_status":"open","ping_status":"open","sticky":false,"template":"","format":"standard","meta":{"om_disable_all_campaigns":false,"_monsterinsights_skip_tracking":false,"_monsterinsights_sitenote_active":false,"_monsterinsights_sitenote_note":"","_monsterinsights_sitenote_category":0,"footnotes":""},"categories":[175],"tags":[234,223],"class_list":["post-59354","post","type-post","status-publish","format-standard","has-post-thumbnail","hentry","category-local","tag-cholula","tag-puebla"],"amp_enabled":true,"_links":{"self":[{"href":"https:\/\/lahora.mx\/index.php\/wp-json\/wp\/v2\/posts\/59354","targetHints":{"allow":["GET"]}}],"collection":[{"href":"https:\/\/lahora.mx\/index.php\/wp-json\/wp\/v2\/posts"}],"about":[{"href":"https:\/\/lahora.mx\/index.php\/wp-json\/wp\/v2\/types\/post"}],"author":[{"embeddable":true,"href":"https:\/\/lahora.mx\/index.php\/wp-json\/wp\/v2\/users\/4"}],"replies":[{"embeddable":true,"href":"https:\/\/lahora.mx\/index.php\/wp-json\/wp\/v2\/comments?post=59354"}],"version-history":[{"count":1,"href":"https:\/\/lahora.mx\/index.php\/wp-json\/wp\/v2\/posts\/59354\/revisions"}],"predecessor-version":[{"id":59356,"href":"https:\/\/lahora.mx\/index.php\/wp-json\/wp\/v2\/posts\/59354\/revisions\/59356"}],"wp:featuredmedia":[{"embeddable":true,"href":"https:\/\/lahora.mx\/index.php\/wp-json\/wp\/v2\/media\/59355"}],"wp:attachment":[{"href":"https:\/\/lahora.mx\/index.php\/wp-json\/wp\/v2\/media?parent=59354"}],"wp:term":[{"taxonomy":"category","embeddable":true,"href":"https:\/\/lahora.mx\/index.php\/wp-json\/wp\/v2\/categories?post=59354"},{"taxonomy":"post_tag","embeddable":true,"href":"https:\/\/lahora.mx\/index.php\/wp-json\/wp\/v2\/tags?post=59354"}],"curies":[{"name":"wp","href":"https:\/\/api.w.org\/{rel}","templated":true}]}}