{"id":59351,"date":"2025-03-05T01:52:04","date_gmt":"2025-03-05T01:52:04","guid":{"rendered":"https:\/\/lahora.mx\/?p=59351"},"modified":"2025-03-05T01:52:05","modified_gmt":"2025-03-05T01:52:05","slug":"la-presidenta-municipal-tonantzin-anuncia-segunda-etapa-de-bacheton-en-san-pedro-cholula","status":"publish","type":"post","link":"https:\/\/lahora.mx\/index.php\/2025\/03\/05\/la-presidenta-municipal-tonantzin-anuncia-segunda-etapa-de-bacheton-en-san-pedro-cholula\/","title":{"rendered":"La presidenta municipal Tonantzin anuncia segunda etapa de Bachet\u00f3n en San Pedro Cholula\u00a0"},"content":{"rendered":"\n<p><strong>Tonantzin Fern\u00e1ndez D\u00edaz<\/strong>, presidenta municipal de\u00a0<strong>San Pedro Cholula, Puebla<\/strong>, anunci\u00f3 que a m\u00e1s tardar el 19 de marzo\u00a0<strong>iniciar\u00e1 la segunda\u00a0etapa del \u201cBachet\u00f3n\u201d.<\/strong>x<\/p>\n\n\n\n<p>La presidenta municipal expres\u00f3&nbsp;<strong>que el proyecto ayudar\u00e1 a mejorar las calles<\/strong>&nbsp;de San Pedro a trav\u00e9s de la&nbsp;<strong>reparaci\u00f3n de baches<\/strong>&nbsp;en el pavimento.<\/p>\n\n\n\n<p><\/p>\n\n\n\n<p>Asimismo, la edila expuso que en la&nbsp;<strong>primera etapa del \u201cBachet\u00f3n<\/strong>\u201c, se recibieron m\u00e1s de 3,500 reportes de baches por parte de la ciudadan\u00eda.<\/p>\n\n\n\n<p>Adem\u00e1s, la alcaldesa\u00a0<strong>enfatiz\u00f3 que se encuentra en espera<\/strong>\u00a0del recurso de las participaciones federales para tapar los baches.<br>Finalmente,\u00a0<strong>Fern\u00e1ndez D\u00edaz<\/strong>\u00a0agreg\u00f3 que la restauraci\u00f3n de las carreteras es prioritario para mejorar la movilidad en el municipio.<br><br><br><\/p>\n","protected":false},"excerpt":{"rendered":"<p>Tonantzin Fern\u00e1ndez D\u00edaz, presidenta municipal de\u00a0San Pedro Cholula, Puebla, anunci\u00f3 que a m\u00e1s tardar el 19 de marzo\u00a0iniciar\u00e1 la segunda\u00a0etapa del \u201cBachet\u00f3n\u201d.x La presidenta municipal expres\u00f3&nbsp;que el proyecto ayudar\u00e1 a mejorar las calles&nbsp;de San Pedro a trav\u00e9s de la&nbsp;reparaci\u00f3n de baches&nbsp;en el pavimento. Asimismo, la edila expuso que en la&nbsp;primera etapa del \u201cBachet\u00f3n\u201c, se recibieron [&hellip;]<\/p>\n","protected":false},"author":4,"featured_media":59352,"comment_status":"open","ping_status":"open","sticky":false,"template":"","format":"standard","meta":{"om_disable_all_campaigns":false,"_monsterinsights_skip_tracking":false,"_monsterinsights_sitenote_active":false,"_monsterinsights_sitenote_note":"","_monsterinsights_sitenote_category":0,"footnotes":""},"categories":[175],"tags":[234,223],"class_list":["post-59351","post","type-post","status-publish","format-standard","has-post-thumbnail","hentry","category-local","tag-cholula","tag-puebla"],"amp_enabled":true,"_links":{"self":[{"href":"https:\/\/lahora.mx\/index.php\/wp-json\/wp\/v2\/posts\/59351","targetHints":{"allow":["GET"]}}],"collection":[{"href":"https:\/\/lahora.mx\/index.php\/wp-json\/wp\/v2\/posts"}],"about":[{"href":"https:\/\/lahora.mx\/index.php\/wp-json\/wp\/v2\/types\/post"}],"author":[{"embeddable":true,"href":"https:\/\/lahora.mx\/index.php\/wp-json\/wp\/v2\/users\/4"}],"replies":[{"embeddable":true,"href":"https:\/\/lahora.mx\/index.php\/wp-json\/wp\/v2\/comments?post=59351"}],"version-history":[{"count":1,"href":"https:\/\/lahora.mx\/index.php\/wp-json\/wp\/v2\/posts\/59351\/revisions"}],"predecessor-version":[{"id":59353,"href":"https:\/\/lahora.mx\/index.php\/wp-json\/wp\/v2\/posts\/59351\/revisions\/59353"}],"wp:featuredmedia":[{"embeddable":true,"href":"https:\/\/lahora.mx\/index.php\/wp-json\/wp\/v2\/media\/59352"}],"wp:attachment":[{"href":"https:\/\/lahora.mx\/index.php\/wp-json\/wp\/v2\/media?parent=59351"}],"wp:term":[{"taxonomy":"category","embeddable":true,"href":"https:\/\/lahora.mx\/index.php\/wp-json\/wp\/v2\/categories?post=59351"},{"taxonomy":"post_tag","embeddable":true,"href":"https:\/\/lahora.mx\/index.php\/wp-json\/wp\/v2\/tags?post=59351"}],"curies":[{"name":"wp","href":"https:\/\/api.w.org\/{rel}","templated":true}]}}