{"id":59348,"date":"2025-03-04T23:01:43","date_gmt":"2025-03-04T23:01:43","guid":{"rendered":"https:\/\/lahora.mx\/?p=59348"},"modified":"2025-03-04T23:01:43","modified_gmt":"2025-03-04T23:01:43","slug":"vivienda-y-mejores-prestaciones-para-la-policia-auxiliar-y-estatal-menciona-el-gobernador-alejandro-armenta","status":"publish","type":"post","link":"https:\/\/lahora.mx\/index.php\/2025\/03\/04\/vivienda-y-mejores-prestaciones-para-la-policia-auxiliar-y-estatal-menciona-el-gobernador-alejandro-armenta\/","title":{"rendered":"Vivienda y mejores prestaciones para la polic\u00eda auxiliar y estatal menciona el gobernador Alejandro Armenta"},"content":{"rendered":"\n<p>En el marco del XII Aniversario de la Polic\u00eda Auxiliar y la entrega de m\u00e1s de tres mil uniformes, el gobernador Alejandro Armenta anunci\u00f3 un incremento del 15 por ciento en el salario de las y los elementos de dicha corporaci\u00f3n, as\u00ed como acercar los programas sociales de vivienda, salud y proyectos productivos.<\/p>\n\n\n\n<p>En este contexto, el titular del ejecutivo estatal indic\u00f3 que tambi\u00e9n se implementar\u00e1 un fondo de ahorro, ya que mientras las y los polic\u00edas cuidan a las familias poblanas, el Gobierno del Estado tiene el compromiso de proteger a cada uno de los elementos que integran las corporaciones.<\/p>\n\n\n\n<p>\u00abLos programas sociales tambi\u00e9n tienen que llegar a ellos, en este sentido, instruyo al titular C\u00e9sar Castellanos para que se ponga en coordinaci\u00f3n con la Secretar\u00eda de Desarrollo Rural, el DIF y Bienestar para que participen los 3 mil 800 elementos. Tenemos un convenio con Infonavit y con CONAVI, he pedido que busquemos terrenos para que se implemente un programa de vivienda para la Polic\u00eda Estatal y Auxiliar\u00bb, puntualiz\u00f3 el gobernador.<\/p>\n\n\n\n<p>Asimismo, el mandatario poblano tambi\u00e9n se\u00f1al\u00f3 que las y los elementos tendr\u00e1n acceso a las licenciaturas de la Universidad de las Ciencias Policiales, para su formaci\u00f3n profesional. Asegur\u00f3 que ser polic\u00eda es un honor y por ello deben capacitarse para obtener el nivel profesional que les corresponde.<\/p>\n\n\n\n<p>En su mensaje, el secretario de Seguridad P\u00fablica, vicealmirante Francisco S\u00e1nchez Gonz\u00e1lez reconoci\u00f3 el compromiso del gobernador Alejandro Armenta con la seguridad de las y los poblanos, as\u00ed como con el bienestar de quienes todos los d\u00edas arriesgan sus vidas para garantizar la paz y tranquilidad. \u00abLa Polic\u00eda Auxiliar juega un papel importante en el fortalecimiento de la seguridad y es vital que contemos con personal altamente capacitado, motivado y con el equipamiento adecuado para enfrentar los retos que presenta la delincuencia\u00bb, afirm\u00f3.<\/p>\n\n\n\n<p>Finalmente, el director general de la Polic\u00eda Auxiliar, C\u00e9sar Octavio Castellanos Gald\u00e1mez, inform\u00f3 que siguiendo las instrucciones del gobernador, de certificar a los cuerpos policiacos se llev\u00f3 a cabo un convenio para implementar en una primera etapa mil 500 ex\u00e1menes de control de confianza al personal operativo, para que cuenten con los m\u00e1s altos est\u00e1ndares de profesionalismo.<\/p>\n\n\n\n<p>Al evento tambi\u00e9n asisti\u00f3 el subsecretario de coordinaci\u00f3n de Operaciones Policiales de la Secretar\u00eda de Seguridad P\u00fablica, Jorge M\u00e9ndez Guill\u00e9n; el titular del Consejo Estatal de Coordinaci\u00f3n del Sistema Nacional de Seguridad P\u00fablica (CECSNSP) y la rectora de la Universidad de las Ciencias Policiales, Silvia Victoria Serrano Zafra.<\/p>\n","protected":false},"excerpt":{"rendered":"<p>En el marco del XII Aniversario de la Polic\u00eda Auxiliar y la entrega de m\u00e1s de tres mil uniformes, el gobernador Alejandro Armenta anunci\u00f3 un incremento del 15 por ciento en el salario de las y los elementos de dicha corporaci\u00f3n, as\u00ed como acercar los programas sociales de vivienda, salud y proyectos productivos. En este [&hellip;]<\/p>\n","protected":false},"author":4,"featured_media":59349,"comment_status":"open","ping_status":"open","sticky":false,"template":"","format":"standard","meta":{"om_disable_all_campaigns":false,"_monsterinsights_skip_tracking":false,"_monsterinsights_sitenote_active":false,"_monsterinsights_sitenote_note":"","_monsterinsights_sitenote_category":0,"footnotes":""},"categories":[175],"tags":[239,195,223],"class_list":["post-59348","post","type-post","status-publish","format-standard","has-post-thumbnail","hentry","category-local","tag-gobierno","tag-principal","tag-puebla"],"amp_enabled":true,"_links":{"self":[{"href":"https:\/\/lahora.mx\/index.php\/wp-json\/wp\/v2\/posts\/59348","targetHints":{"allow":["GET"]}}],"collection":[{"href":"https:\/\/lahora.mx\/index.php\/wp-json\/wp\/v2\/posts"}],"about":[{"href":"https:\/\/lahora.mx\/index.php\/wp-json\/wp\/v2\/types\/post"}],"author":[{"embeddable":true,"href":"https:\/\/lahora.mx\/index.php\/wp-json\/wp\/v2\/users\/4"}],"replies":[{"embeddable":true,"href":"https:\/\/lahora.mx\/index.php\/wp-json\/wp\/v2\/comments?post=59348"}],"version-history":[{"count":1,"href":"https:\/\/lahora.mx\/index.php\/wp-json\/wp\/v2\/posts\/59348\/revisions"}],"predecessor-version":[{"id":59350,"href":"https:\/\/lahora.mx\/index.php\/wp-json\/wp\/v2\/posts\/59348\/revisions\/59350"}],"wp:featuredmedia":[{"embeddable":true,"href":"https:\/\/lahora.mx\/index.php\/wp-json\/wp\/v2\/media\/59349"}],"wp:attachment":[{"href":"https:\/\/lahora.mx\/index.php\/wp-json\/wp\/v2\/media?parent=59348"}],"wp:term":[{"taxonomy":"category","embeddable":true,"href":"https:\/\/lahora.mx\/index.php\/wp-json\/wp\/v2\/categories?post=59348"},{"taxonomy":"post_tag","embeddable":true,"href":"https:\/\/lahora.mx\/index.php\/wp-json\/wp\/v2\/tags?post=59348"}],"curies":[{"name":"wp","href":"https:\/\/api.w.org\/{rel}","templated":true}]}}