{"id":5908,"date":"2022-04-24T19:52:47","date_gmt":"2022-04-24T19:52:47","guid":{"rendered":"http:\/\/lahora.mx\/?p=5908"},"modified":"2022-04-24T19:52:48","modified_gmt":"2022-04-24T19:52:48","slug":"aseguran-a-330-migrantes-en-la-autopista-puebla-orizaba","status":"publish","type":"post","link":"https:\/\/lahora.mx\/index.php\/2022\/04\/24\/aseguran-a-330-migrantes-en-la-autopista-puebla-orizaba\/","title":{"rendered":"\u00a0Aseguran a 330 migrantes en la autopista Puebla-Orizaba"},"content":{"rendered":"\n<p>Agentes federales del Instituto Nacional de Migraci\u00f3n (INM) aseguraron a 330 personas de diversas nacionalidades en la autopista Puebla-Orizaba, \u201checho que se puede calificar como hist\u00f3rico en al menos los \u00faltimos tres a\u00f1os\u201d.<\/p>\n\n\n\n<p>El INM inform\u00f3 en un comunicado de prensa, que de estas personas, 108 son de nacionalidad cubana, 14 ecuatoriana, 55 salvadore\u00f1a, 44 nicarag\u00fcense, 36 guatemalteca y 73 hondure\u00f1a.<\/p>\n\n\n\n<p>Todos los migrantes con estancia irregular en el territorio nacional viajaban en 11 camionetas y dos autom\u00f3viles particulares sobre la v\u00eda r\u00e1pida.<br><\/p>\n\n\n\n<p>La localizaci\u00f3n deriv\u00f3 de las labores de inteligencia en las que intervinieron elementos del INM y de la Guardia Nacional (GN), as\u00ed como de la polic\u00eda estatal, se indic\u00f3.<\/p>\n\n\n\n<p>Asimismo, en esta acci\u00f3n se puso a disposici\u00f3n a 19 personas de nacionalidad mexicana y 13 veh\u00edculos en donde viajaban, por el probable delito de tr\u00e1fico de personas, para los fines que correspondan ante la Fiscal\u00eda General de la Rep\u00fablica (FGR)\u201d, explic\u00f3.<\/p>\n\n\n\n<p>Se detall\u00f3 que son 18 hombres, entre ellos, una mujer, quienes presuntamente estaban a cargo del tr\u00e1fico de personas.<\/p>\n\n\n\n<p>Los detenidos fueron identificados como Marcelo C., Fernando. S., Alberto Antonio D., Rigoberto H., Juan C., \u00c1ngel de Jes\u00fas G., H\u00e9ctor C., Silvia Yadira A., David C., Hern\u00e1n V., Andrik B., Oscar D., Ronald R., Stefano V., Jorge S., Brayner H., Guadalupe H., Francisco P..<\/p>\n\n\n\n<p>De acuerdo con los datos oficiales, 15 de ellos son originarios de Chiapas, una de Hidalgo y tres de Veracruz, quienes quedaron a disposici\u00f3n de las autoridades ministeriales.<\/p>\n\n\n\n<p><strong>Otro hecho en el Estado de M\u00e9xico<\/strong><\/p>\n\n\n\n<p>Elementos de la C\u00e9lula de Atenci\u00f3n al Migrante de la polic\u00eda de Ecatepec resguardaron a 12 centroamericanos de nacionalidad salvadore\u00f1a, que deambulaban por calles de la colonia San Carlos completamente agotados e incluso uno de ellos con principios de deshidrataci\u00f3n.<\/p>\n\n\n\n<p>El hecho ocurri\u00f3 la madrugada de ayer cuando el grupo de migrantes pidi\u00f3 auxilio a efectivos de seguridad del cuadrante 28, pues refirieron que ya no pod\u00edan seguir con su marcha en busca del sue\u00f1o americano, pues se encontraban completamente agotados.<br><\/p>\n\n\n\n<p>El grupo de salvadore\u00f1os, integrado \u00fanicamente por hombres, fue trasladado al centro del Instituto Nacional de Migraci\u00f3n ubicado en la alcald\u00eda Iztapalapa.<\/p>\n\n\n\n<p><strong>Trasladaban a 82 en remolque<\/strong><\/p>\n\n\n\n<p>Cuando eran transportados en un remolque ganadero,<br>82 migrantes de diferentes nacionalidades fueron rescatados la tarde de este s\u00e1bado en el municipio de Arteaga, Coahuila.<\/p>\n\n\n\n<p>Fueron elementos de la Polic\u00eda Municipal del Pueblo M\u00e1gico que descubrieron a los migrantes en un filtro de seguridad en el bulevar Fundadores, procediendo a una revisi\u00f3n.<\/p>\n\n\n\n<p>El remolque ganadero se encontraba sin refrigeraci\u00f3n y era estirado por una camioneta Chevrolet blanca, modelo 2013.<\/p>\n\n\n\n<p>Durante la inspecci\u00f3n, los uniformados descubrieron que en el remolque viajaban las personas de diversas nacionalidades de Centroam\u00e9rica, y que debido a que no pudieron acreditar su situaci\u00f3n legal en el pa\u00eds fueron puestos a disposici\u00f3n del Instituto Nacional de Migraci\u00f3n.<\/p>\n\n\n\n<p>El conductor del veh\u00edculo de nombre Luis Manuel \u201cN\u201d, de 49 a\u00f1os, originario de San Luis Potos\u00ed, fue puesto a disposici\u00f3n del Ministerio P\u00fablico Federal por el presunto delito de tr\u00e1fico de personas.<\/p>\n","protected":false},"excerpt":{"rendered":"<p>Agentes federales del Instituto Nacional de Migraci\u00f3n (INM) aseguraron a 330 personas de diversas nacionalidades en la autopista Puebla-Orizaba, \u201checho que se puede calificar como hist\u00f3rico en al menos los \u00faltimos tres a\u00f1os\u201d. El INM inform\u00f3 en un comunicado de prensa, que de estas personas, 108 son de nacionalidad cubana, 14 ecuatoriana, 55 salvadore\u00f1a, 44 [&hellip;]<\/p>\n","protected":false},"author":4,"featured_media":5909,"comment_status":"open","ping_status":"open","sticky":false,"template":"","format":"standard","meta":{"om_disable_all_campaigns":false,"_monsterinsights_skip_tracking":false,"_monsterinsights_sitenote_active":false,"_monsterinsights_sitenote_note":"","_monsterinsights_sitenote_category":0,"footnotes":""},"categories":[175],"tags":[195,223],"class_list":["post-5908","post","type-post","status-publish","format-standard","has-post-thumbnail","hentry","category-local","tag-principal","tag-puebla"],"amp_enabled":true,"_links":{"self":[{"href":"https:\/\/lahora.mx\/index.php\/wp-json\/wp\/v2\/posts\/5908","targetHints":{"allow":["GET"]}}],"collection":[{"href":"https:\/\/lahora.mx\/index.php\/wp-json\/wp\/v2\/posts"}],"about":[{"href":"https:\/\/lahora.mx\/index.php\/wp-json\/wp\/v2\/types\/post"}],"author":[{"embeddable":true,"href":"https:\/\/lahora.mx\/index.php\/wp-json\/wp\/v2\/users\/4"}],"replies":[{"embeddable":true,"href":"https:\/\/lahora.mx\/index.php\/wp-json\/wp\/v2\/comments?post=5908"}],"version-history":[{"count":1,"href":"https:\/\/lahora.mx\/index.php\/wp-json\/wp\/v2\/posts\/5908\/revisions"}],"predecessor-version":[{"id":5910,"href":"https:\/\/lahora.mx\/index.php\/wp-json\/wp\/v2\/posts\/5908\/revisions\/5910"}],"wp:featuredmedia":[{"embeddable":true,"href":"https:\/\/lahora.mx\/index.php\/wp-json\/wp\/v2\/media\/5909"}],"wp:attachment":[{"href":"https:\/\/lahora.mx\/index.php\/wp-json\/wp\/v2\/media?parent=5908"}],"wp:term":[{"taxonomy":"category","embeddable":true,"href":"https:\/\/lahora.mx\/index.php\/wp-json\/wp\/v2\/categories?post=5908"},{"taxonomy":"post_tag","embeddable":true,"href":"https:\/\/lahora.mx\/index.php\/wp-json\/wp\/v2\/tags?post=5908"}],"curies":[{"name":"wp","href":"https:\/\/api.w.org\/{rel}","templated":true}]}}