{"id":5897,"date":"2022-04-24T19:13:25","date_gmt":"2022-04-24T19:13:25","guid":{"rendered":"http:\/\/lahora.mx\/?p=5897"},"modified":"2022-04-24T19:13:38","modified_gmt":"2022-04-24T19:13:38","slug":"intentan-liberar-a-persona-detenida-pobladores-de-san-francisco-tepeyac","status":"publish","type":"post","link":"https:\/\/lahora.mx\/index.php\/2022\/04\/24\/intentan-liberar-a-persona-detenida-pobladores-de-san-francisco-tepeyac\/","title":{"rendered":"Intentan liberar a persona detenida pobladores de San Francisco Tepeyac"},"content":{"rendered":"\n<p>Un grupo de pobladores de&nbsp;<strong>San Francisco Tepeyecac<\/strong>&nbsp;intentaron liberar a un masculino, mismo que fue asegurado por parte de la Polic\u00eda Estatal, por&nbsp;<strong>presunta posesi\u00f3n ilegal de arma<\/strong>.<\/p>\n\n\n\n<p>En este sentido, cuando&nbsp;<strong>patrullaba una unidad de la Secretar\u00eda de Seguridad&nbsp;<\/strong>P\u00fablica del Estado, en las inmediaciones de la comunidad de San Francisco Tepeyecac, ubicaron a Jos\u00e9 N., quien&nbsp;<strong>desenfund\u00f3 una arma de fuego<\/strong>&nbsp;hechiza calibre .20 mil\u00edmetros, raz\u00f3n por la que fue detenido.<br><\/p>\n\n\n\n<p>Cabe se\u00f1alar que&nbsp;<strong>durante la detenci\u00f3n<\/strong>&nbsp;de un masculino de aproximadamente 53 a\u00f1os de edad, un grupo de 20 personas se acerc\u00f3 a los agentes para intentar agredirlos, con la f<strong>inalidad de evitar el aseguramiento<\/strong>.<\/p>\n\n\n\n<p>Fue as\u00ed como los<strong>&nbsp;Polic\u00eda estatal,<\/strong>&nbsp;inmediatamente se retiraron del lugar y trasladaron al masculino a la Comandancia de la Polic\u00eda Estatal, ubicada en la comunidad de&nbsp;<strong>Santa Catarina Hueyatzacoalco.<\/strong><br>Tras realizar la documentaci\u00f3n correspondiente los elementos de la Polic\u00eda Estatal pondr\u00e1n a disposici\u00f3n de las&nbsp;<strong>autoridades correspondientes&nbsp;<\/strong>a Jos\u00e9 N. de 53 a\u00f1os de edad, por el delito de portaci\u00f3n ilegal de arma de fuego.<\/p>\n","protected":false},"excerpt":{"rendered":"<p>Un grupo de pobladores de&nbsp;San Francisco Tepeyecac&nbsp;intentaron liberar a un masculino, mismo que fue asegurado por parte de la Polic\u00eda Estatal, por&nbsp;presunta posesi\u00f3n ilegal de arma. En este sentido, cuando&nbsp;patrullaba una unidad de la Secretar\u00eda de Seguridad&nbsp;P\u00fablica del Estado, en las inmediaciones de la comunidad de San Francisco Tepeyecac, ubicaron a Jos\u00e9 N., quien&nbsp;desenfund\u00f3 una [&hellip;]<\/p>\n","protected":false},"author":4,"featured_media":5898,"comment_status":"open","ping_status":"open","sticky":false,"template":"","format":"standard","meta":{"om_disable_all_campaigns":false,"_monsterinsights_skip_tracking":false,"_monsterinsights_sitenote_active":false,"_monsterinsights_sitenote_note":"","_monsterinsights_sitenote_category":0,"footnotes":""},"categories":[175],"tags":[223],"class_list":["post-5897","post","type-post","status-publish","format-standard","has-post-thumbnail","hentry","category-local","tag-puebla"],"amp_enabled":true,"_links":{"self":[{"href":"https:\/\/lahora.mx\/index.php\/wp-json\/wp\/v2\/posts\/5897","targetHints":{"allow":["GET"]}}],"collection":[{"href":"https:\/\/lahora.mx\/index.php\/wp-json\/wp\/v2\/posts"}],"about":[{"href":"https:\/\/lahora.mx\/index.php\/wp-json\/wp\/v2\/types\/post"}],"author":[{"embeddable":true,"href":"https:\/\/lahora.mx\/index.php\/wp-json\/wp\/v2\/users\/4"}],"replies":[{"embeddable":true,"href":"https:\/\/lahora.mx\/index.php\/wp-json\/wp\/v2\/comments?post=5897"}],"version-history":[{"count":2,"href":"https:\/\/lahora.mx\/index.php\/wp-json\/wp\/v2\/posts\/5897\/revisions"}],"predecessor-version":[{"id":5900,"href":"https:\/\/lahora.mx\/index.php\/wp-json\/wp\/v2\/posts\/5897\/revisions\/5900"}],"wp:featuredmedia":[{"embeddable":true,"href":"https:\/\/lahora.mx\/index.php\/wp-json\/wp\/v2\/media\/5898"}],"wp:attachment":[{"href":"https:\/\/lahora.mx\/index.php\/wp-json\/wp\/v2\/media?parent=5897"}],"wp:term":[{"taxonomy":"category","embeddable":true,"href":"https:\/\/lahora.mx\/index.php\/wp-json\/wp\/v2\/categories?post=5897"},{"taxonomy":"post_tag","embeddable":true,"href":"https:\/\/lahora.mx\/index.php\/wp-json\/wp\/v2\/tags?post=5897"}],"curies":[{"name":"wp","href":"https:\/\/api.w.org\/{rel}","templated":true}]}}