{"id":5871,"date":"2022-04-22T19:01:34","date_gmt":"2022-04-22T19:01:34","guid":{"rendered":"http:\/\/lahora.mx\/?p=5871"},"modified":"2022-04-22T19:01:35","modified_gmt":"2022-04-22T19:01:35","slug":"se-habilitaran-59-modulos-de-vacunacion-en-plazas-de-puebla","status":"publish","type":"post","link":"https:\/\/lahora.mx\/index.php\/2022\/04\/22\/se-habilitaran-59-modulos-de-vacunacion-en-plazas-de-puebla\/","title":{"rendered":"Se habilitar\u00e1n 59 m\u00f3dulos de vacunaci\u00f3n en plazas de Puebla"},"content":{"rendered":"\n<p>Para acercar las jornadas de vacunaci\u00f3n a los poblanos, el&nbsp;<strong>gobierno estatal&nbsp;<\/strong>dio a conocer que adem\u00e1s de las 767 unidades para la aplicaci\u00f3n masiva del biol\u00f3gico, se habilitar\u00e1n 14 m\u00f3dulos en en la delegaci\u00f3n de la Secretar\u00eda de Bienestar y 59 m\u00e1s en centros comerciales y parques.<\/p>\n\n\n\n<p>As\u00ed lo dio a conocer, en rueda de prensa, el&nbsp;<strong>secretario de Salud estatal, Jos\u00e9 Antonio Mart\u00ednez Garc\u00eda<\/strong>, quien dijo que comenzar\u00e1n a funcionar estos nuevos m\u00f3dulos en&nbsp;<strong>Puebla&nbsp;<\/strong>a partir del lunes, en un horario de 10 de la ma\u00f1ana a 2 de la tarde.<\/p>\n\n\n\n<p>Inform\u00f3 que ser\u00e1n en total 73 nuevos m\u00f3dulos, de los cuales 14 estar\u00e1n en la delegaci\u00f3n de la&nbsp;<strong>Secretar\u00eda de Bienestar<\/strong>, en el \u00e1rea de las Becas Benito Ju\u00e1rez, que entrega el gobierno federal.<\/p>\n\n\n\n<p>Las 59 unidades restantes, precis\u00f3&nbsp;<strong>Mart\u00ednez Garc\u00eda<\/strong>, estar\u00e1n en centros comerciales, parques y plazas, aunque no especific\u00f3 cu\u00e1les ni en qu\u00e9 municipios.<\/p>\n\n\n\n<p>El funcionario agreg\u00f3 que se publicar\u00e1 la informaci\u00f3n de las ubicaciones de estos nuevos 73 m\u00f3dulos en la p\u00e1gina previenecovid19.puebla.gob.mx\/vacuna<\/p>\n","protected":false},"excerpt":{"rendered":"<p>Para acercar las jornadas de vacunaci\u00f3n a los poblanos, el&nbsp;gobierno estatal&nbsp;dio a conocer que adem\u00e1s de las 767 unidades para la aplicaci\u00f3n masiva del biol\u00f3gico, se habilitar\u00e1n 14 m\u00f3dulos en en la delegaci\u00f3n de la Secretar\u00eda de Bienestar y 59 m\u00e1s en centros comerciales y parques. As\u00ed lo dio a conocer, en rueda de prensa, [&hellip;]<\/p>\n","protected":false},"author":4,"featured_media":5873,"comment_status":"open","ping_status":"open","sticky":false,"template":"","format":"standard","meta":{"om_disable_all_campaigns":false,"_monsterinsights_skip_tracking":false,"_monsterinsights_sitenote_active":false,"_monsterinsights_sitenote_note":"","_monsterinsights_sitenote_category":0,"footnotes":""},"categories":[175],"tags":[195,223],"class_list":["post-5871","post","type-post","status-publish","format-standard","has-post-thumbnail","hentry","category-local","tag-principal","tag-puebla"],"amp_enabled":true,"_links":{"self":[{"href":"https:\/\/lahora.mx\/index.php\/wp-json\/wp\/v2\/posts\/5871","targetHints":{"allow":["GET"]}}],"collection":[{"href":"https:\/\/lahora.mx\/index.php\/wp-json\/wp\/v2\/posts"}],"about":[{"href":"https:\/\/lahora.mx\/index.php\/wp-json\/wp\/v2\/types\/post"}],"author":[{"embeddable":true,"href":"https:\/\/lahora.mx\/index.php\/wp-json\/wp\/v2\/users\/4"}],"replies":[{"embeddable":true,"href":"https:\/\/lahora.mx\/index.php\/wp-json\/wp\/v2\/comments?post=5871"}],"version-history":[{"count":1,"href":"https:\/\/lahora.mx\/index.php\/wp-json\/wp\/v2\/posts\/5871\/revisions"}],"predecessor-version":[{"id":5874,"href":"https:\/\/lahora.mx\/index.php\/wp-json\/wp\/v2\/posts\/5871\/revisions\/5874"}],"wp:featuredmedia":[{"embeddable":true,"href":"https:\/\/lahora.mx\/index.php\/wp-json\/wp\/v2\/media\/5873"}],"wp:attachment":[{"href":"https:\/\/lahora.mx\/index.php\/wp-json\/wp\/v2\/media?parent=5871"}],"wp:term":[{"taxonomy":"category","embeddable":true,"href":"https:\/\/lahora.mx\/index.php\/wp-json\/wp\/v2\/categories?post=5871"},{"taxonomy":"post_tag","embeddable":true,"href":"https:\/\/lahora.mx\/index.php\/wp-json\/wp\/v2\/tags?post=5871"}],"curies":[{"name":"wp","href":"https:\/\/api.w.org\/{rel}","templated":true}]}}