{"id":5868,"date":"2022-04-22T18:56:47","date_gmt":"2022-04-22T18:56:47","guid":{"rendered":"http:\/\/lahora.mx\/?p=5868"},"modified":"2022-04-22T18:56:48","modified_gmt":"2022-04-22T18:56:48","slug":"tras-anulacion-repondran-plebiscito-en-caleras-el-29-de-mayo","status":"publish","type":"post","link":"https:\/\/lahora.mx\/index.php\/2022\/04\/22\/tras-anulacion-repondran-plebiscito-en-caleras-el-29-de-mayo\/","title":{"rendered":"Tras anulaci\u00f3n repondr\u00e1n plebiscito en Caleras el 29 de mayo"},"content":{"rendered":"\n<p>El 29 de mayo se llevar\u00eda a cabo la elecci\u00f3n extraordinaria en la junta auxiliar de&nbsp;<strong>San Jer\u00f3nimo Caleras<\/strong>, de la ciudad de Puebla, luego de que el Tribunal Electoral del Poder Judicial de la Federaci\u00f3n (TEPJF) anul\u00f3 leo plebiscito que di\u00f3 el triunfo a<strong>&nbsp;\u00c1ngel Soto Lim\u00f3n<\/strong>&nbsp;como presidente auxiliar.<\/p>\n\n\n\n<p>As\u00ed lo inform\u00f3 el secretario de Gobernaci\u00f3n municipal,&nbsp;<strong>Jorge Antonio Cruz Lepe,<\/strong>&nbsp;quien neg\u00f3 irregularidades de la Comisi\u00f3n Plebiscitaria, sino que las acusaciones contenidas en el recurso de inconformidad fueron de&nbsp;<strong>Juan Jos\u00e9 Mesinas Morales y Ulises Garc\u00eda Flores<\/strong>, quienes integraban la planilla \u00abPor la Grandeza de San Jer\u00f3nimo\u00bb, y reclam\u00f3 que despu\u00e9s de tres meses se los \u201c<strong>resuelven curiosamente<\/strong>\u201d a su favor.<\/p>\n\n\n\n<p>\u201cTodas las elecciones se hicieron mediante una serie de convenios que entre las mismas planillas generan, sin embargo, en esta ocasi\u00f3n el criterio fue diferente, y nosotros estamos para acatar las disposiciones y as\u00ed lo haremos\u201d, coment\u00f3 en entrevista.<\/p>\n\n\n\n<p>Apunt\u00f3 que en un periodo de 15 d\u00edas&nbsp;<strong>emitir\u00e1n la nueva convocatoria<\/strong>&nbsp;para que se lleve a cabo el proceso extraordinario, luego de que sea aprobada por las y los regidores en el Cabildo.<\/p>\n\n\n\n<p>Cruz Lepe indic\u00f3 que el jueves (21 de abril) se les notific\u00f3 de la resoluci\u00f3n del TEPJF, as\u00ed que el Cabildo debe&nbsp;<strong>nombrar a un presidente auxiliar interino<\/strong>, ya que \u00c1ngel Soto Lim\u00f3n no podr\u00e1 realizar actividades,&nbsp;<strong>ni generar documentos oficiales.<\/strong><\/p>\n\n\n\n<p>No obstante, advirti\u00f3 que&nbsp;<strong>s\u00ed podr\u00e1 volver a participar si as\u00ed lo desea,&nbsp;<\/strong>adem\u00e1s de que tambi\u00e9n est\u00e1 en su derecho de impugnar la decisi\u00f3n del TEPJF.<\/p>\n\n\n\n<p>El funcionario municipal afirm\u00f3 la elecci\u00f3n extraordinaria&nbsp;<strong>ser\u00e1 un ejercicio plebiscitario limpio y transparente<\/strong>, adem\u00e1s de que existir\u00e1n las condiciones de seguridad, con la finalidad de que el electorado de&nbsp;<strong>San Jer\u00f3nimo Caleras<\/strong>&nbsp;acuda libremente a votar.<\/p>\n\n\n\n<p>\u201cNosotros&nbsp;<strong>tenemos 15 d\u00edas para la convocatoria,&nbsp;<\/strong>se publica de inmediato y calculamos nosotros si la memoria no me falla, que podr\u00edamos estar&nbsp;<strong>aterrizando la elecci\u00f3n por ah\u00ed del 29 de mayo,<\/strong>&nbsp;que es domingo y entonces en ese sentido sacaremos adelante este proceso\u201d, declar\u00f3 el secretario de Gobernaci\u00f3n.<\/p>\n\n\n\n<p>El mi\u00e9rcoles la Sala Regional del TEPJF resolvi\u00f3 el juicio de la ciudadan\u00eda SCM-JDC-95\/2022, promovido por el excandidato Juan Jos\u00e9 Mesinas Morales y el representante general de su planilla \u201cPor la Grandeza de San Jer\u00f3nimo\u201d, se declararon fundados sus agravios al se\u00f1alarse que&nbsp;<strong>no hubo certeza ni legalidad en la votaci\u00f3n&nbsp;<\/strong>de dos secciones electorales de la junta auxiliar.<\/p>\n","protected":false},"excerpt":{"rendered":"<p>El 29 de mayo se llevar\u00eda a cabo la elecci\u00f3n extraordinaria en la junta auxiliar de&nbsp;San Jer\u00f3nimo Caleras, de la ciudad de Puebla, luego de que el Tribunal Electoral del Poder Judicial de la Federaci\u00f3n (TEPJF) anul\u00f3 leo plebiscito que di\u00f3 el triunfo a&nbsp;\u00c1ngel Soto Lim\u00f3n&nbsp;como presidente auxiliar. As\u00ed lo inform\u00f3 el secretario de Gobernaci\u00f3n [&hellip;]<\/p>\n","protected":false},"author":4,"featured_media":5869,"comment_status":"open","ping_status":"open","sticky":false,"template":"","format":"standard","meta":{"om_disable_all_campaigns":false,"_monsterinsights_skip_tracking":false,"_monsterinsights_sitenote_active":false,"_monsterinsights_sitenote_note":"","_monsterinsights_sitenote_category":0,"footnotes":""},"categories":[175],"tags":[223],"class_list":["post-5868","post","type-post","status-publish","format-standard","has-post-thumbnail","hentry","category-local","tag-puebla"],"amp_enabled":true,"_links":{"self":[{"href":"https:\/\/lahora.mx\/index.php\/wp-json\/wp\/v2\/posts\/5868","targetHints":{"allow":["GET"]}}],"collection":[{"href":"https:\/\/lahora.mx\/index.php\/wp-json\/wp\/v2\/posts"}],"about":[{"href":"https:\/\/lahora.mx\/index.php\/wp-json\/wp\/v2\/types\/post"}],"author":[{"embeddable":true,"href":"https:\/\/lahora.mx\/index.php\/wp-json\/wp\/v2\/users\/4"}],"replies":[{"embeddable":true,"href":"https:\/\/lahora.mx\/index.php\/wp-json\/wp\/v2\/comments?post=5868"}],"version-history":[{"count":1,"href":"https:\/\/lahora.mx\/index.php\/wp-json\/wp\/v2\/posts\/5868\/revisions"}],"predecessor-version":[{"id":5870,"href":"https:\/\/lahora.mx\/index.php\/wp-json\/wp\/v2\/posts\/5868\/revisions\/5870"}],"wp:featuredmedia":[{"embeddable":true,"href":"https:\/\/lahora.mx\/index.php\/wp-json\/wp\/v2\/media\/5869"}],"wp:attachment":[{"href":"https:\/\/lahora.mx\/index.php\/wp-json\/wp\/v2\/media?parent=5868"}],"wp:term":[{"taxonomy":"category","embeddable":true,"href":"https:\/\/lahora.mx\/index.php\/wp-json\/wp\/v2\/categories?post=5868"},{"taxonomy":"post_tag","embeddable":true,"href":"https:\/\/lahora.mx\/index.php\/wp-json\/wp\/v2\/tags?post=5868"}],"curies":[{"name":"wp","href":"https:\/\/api.w.org\/{rel}","templated":true}]}}