{"id":58540,"date":"2025-02-12T16:01:25","date_gmt":"2025-02-12T16:01:25","guid":{"rendered":"https:\/\/lahora.mx\/?p=58540"},"modified":"2025-02-12T16:01:26","modified_gmt":"2025-02-12T16:01:26","slug":"ejecutan-con-arma-de-fuego-a-hombre-en-coronango","status":"publish","type":"post","link":"https:\/\/lahora.mx\/index.php\/2025\/02\/12\/ejecutan-con-arma-de-fuego-a-hombre-en-coronango\/","title":{"rendered":"Ejecutan con arma de fuego a hombre en Coronango"},"content":{"rendered":"\n<p class=\"wp-block-paragraph\">Un hombre de\u00a0<strong>39 a\u00f1os de edad<\/strong>, identificado como\u00a0<strong>Mart\u00edn N.,<\/strong>\u00a0fue\u00a0ejecutado en el municipio de\u00a0<strong>Coronango<\/strong>. El crimen ocurri\u00f3 en la intersecci\u00f3n de avenida Reforma y calle Libertad Sur, en el\u00a0<strong>Barrio de Analco<\/strong>.<\/p>\n\n\n\n<p class=\"wp-block-paragraph\">Seg\u00fan los primeros reportes, la v\u00edctima\u00a0se encontraba\u00a0<strong>ingiriendo bebidas alcoh\u00f3licas<\/strong>\u00a0en la v\u00eda p\u00fablica cuando fue\u00a0<strong>interceptada por sujetos armados<\/strong>\u00a0que\u00a0<strong>abrieron fuego<\/strong>\u00a0en su contra. Aunque trascendi\u00f3 que habr\u00eda\u00a0<strong>recibido m\u00e1s de 10 disparos<\/strong>, al menos, tres de ellos habr\u00edan sido en la\u00a0<strong>cabeza<\/strong>\u00a0y cuatro en la zona del\u00a0<strong>abdomen<\/strong>.<\/p>\n\n\n\n<p class=\"wp-block-paragraph\">Vecinos del lugar, al escuchar las detonaciones, alertaron a los n\u00fameros de emergencia. En minutos, elementos de la\u00a0<strong>Polic\u00eda Municipal y Estatal<\/strong>\u00a0llegaron al sitio y confirmaron que el hombre ya no contaba con signos vitales.<br>El ataque\u00a0ocurri\u00f3 durante las primeras horas de hoy, un d\u00eda despu\u00e9s de la celebraci\u00f3n de la\u00a0<strong>Fiesta de la Virgen de Guadalupe<\/strong>, festividad en la que hubo un baile masivo en la zona. Se presume que la\u00a0<strong>v\u00edctima<\/strong>\u00a0permaneci\u00f3 en la calle bebiendo despu\u00e9s del evento, cuando fue\u00a0<strong>atacada<\/strong>.<\/p>\n\n\n\n<p class=\"wp-block-paragraph\">Hasta el momento, se desconoce el m\u00f3vil del crimen\u00a0\u00a0y la\u00a0<strong>identidad de los responsables<\/strong>, quienes huyeron tras perpetrar la\u00a0<strong>ejecuci\u00f3n<\/strong>.<\/p>\n\n\n\n<p class=\"wp-block-paragraph\">Agentes de la Fiscal\u00eda General del Estado\u00a0realizaron las diligencias correspondientes y el\u00a0<strong>levantamiento del cuerpo<\/strong>. Se espera que las autoridades ministeriales\u00a0<strong>esclarezcan<\/strong>\u00a0el caso derivado de las investigaciones.<\/p>\n\n\n\n<p class=\"wp-block-paragraph\">Al respecto, el\u00a0<strong>Ayuntamiento de Coronango<\/strong>\u00a0emiti\u00f3 un comunicado en el que inform\u00f3 que, tras recibir el reporte de una persona sin vida en el\u00a0<strong>Barrio de Analco<\/strong>, elementos de\u00a0<strong>Seguridad P\u00fablica Municipal<\/strong>\u00a0acudieron al sitio para resguardar la zona y permitir la realizaci\u00f3n de los protocolos correspondientes.<br>Asimismo, aseguraron que trabajar\u00e1n en coordinaci\u00f3n con la\u00a0<strong>Fiscal\u00eda General del Estado<\/strong>\u00a0para esclarecer los hechos y garantizar que se lleven a cabo las investigaciones necesarias.\u00a0<\/p>\n","protected":false},"excerpt":{"rendered":"<p>Un hombre de\u00a039 a\u00f1os de edad, identificado como\u00a0Mart\u00edn N.,\u00a0fue\u00a0ejecutado en el municipio de\u00a0Coronango. El crimen ocurri\u00f3 en la intersecci\u00f3n de avenida Reforma y calle Libertad Sur, en el\u00a0Barrio de Analco. Seg\u00fan los primeros reportes, la v\u00edctima\u00a0se encontraba\u00a0ingiriendo bebidas alcoh\u00f3licas\u00a0en la v\u00eda p\u00fablica cuando fue\u00a0interceptada por sujetos armados\u00a0que\u00a0abrieron fuego\u00a0en su contra. Aunque trascendi\u00f3 que habr\u00eda\u00a0recibido m\u00e1s [&hellip;]<\/p>\n","protected":false},"author":4,"featured_media":58541,"comment_status":"open","ping_status":"open","sticky":false,"template":"","format":"standard","meta":{"om_disable_all_campaigns":false,"_monsterinsights_skip_tracking":false,"footnotes":""},"categories":[175,226],"tags":[223],"class_list":["post-58540","post","type-post","status-publish","format-standard","has-post-thumbnail","hentry","category-local","category-policia","tag-puebla"],"amp_enabled":true,"_links":{"self":[{"href":"https:\/\/lahora.mx\/index.php\/wp-json\/wp\/v2\/posts\/58540","targetHints":{"allow":["GET"]}}],"collection":[{"href":"https:\/\/lahora.mx\/index.php\/wp-json\/wp\/v2\/posts"}],"about":[{"href":"https:\/\/lahora.mx\/index.php\/wp-json\/wp\/v2\/types\/post"}],"author":[{"embeddable":true,"href":"https:\/\/lahora.mx\/index.php\/wp-json\/wp\/v2\/users\/4"}],"replies":[{"embeddable":true,"href":"https:\/\/lahora.mx\/index.php\/wp-json\/wp\/v2\/comments?post=58540"}],"version-history":[{"count":1,"href":"https:\/\/lahora.mx\/index.php\/wp-json\/wp\/v2\/posts\/58540\/revisions"}],"predecessor-version":[{"id":58542,"href":"https:\/\/lahora.mx\/index.php\/wp-json\/wp\/v2\/posts\/58540\/revisions\/58542"}],"wp:featuredmedia":[{"embeddable":true,"href":"https:\/\/lahora.mx\/index.php\/wp-json\/wp\/v2\/media\/58541"}],"wp:attachment":[{"href":"https:\/\/lahora.mx\/index.php\/wp-json\/wp\/v2\/media?parent=58540"}],"wp:term":[{"taxonomy":"category","embeddable":true,"href":"https:\/\/lahora.mx\/index.php\/wp-json\/wp\/v2\/categories?post=58540"},{"taxonomy":"post_tag","embeddable":true,"href":"https:\/\/lahora.mx\/index.php\/wp-json\/wp\/v2\/tags?post=58540"}],"curies":[{"name":"wp","href":"https:\/\/api.w.org\/{rel}","templated":true}]}}