{"id":58508,"date":"2025-02-11T02:02:39","date_gmt":"2025-02-11T02:02:39","guid":{"rendered":"https:\/\/lahora.mx\/?p=58508"},"modified":"2025-02-11T02:02:39","modified_gmt":"2025-02-11T02:02:39","slug":"acusado-de-intentar-matar-a-trump-se-ofrece-como-rehen-para-pacto-con-hamas","status":"publish","type":"post","link":"https:\/\/lahora.mx\/index.php\/2025\/02\/11\/acusado-de-intentar-matar-a-trump-se-ofrece-como-rehen-para-pacto-con-hamas\/","title":{"rendered":"Acusado de intentar matar a Trump se ofrece como reh\u00e9n para pacto con Ham\u00e1s"},"content":{"rendered":"\n<p><strong>Ryan Routh,<\/strong>\u00a0el hombre al que se le acus\u00f3 de intento de asesinato del presidente\u00a0<strong>Donald Trump<\/strong>, cuando este era candidato en\u00a0<strong>2017<\/strong>, ofreci\u00f3 en una carta ser reh\u00e9n de\u00a0Ham\u00e1s\u00a0a cambio de la\u00a0<strong>liberaci\u00f3n<\/strong>\u00a0de los rehenes israel\u00edes, para acabar con el\u00a0<strong>conflicto armado.<\/strong><\/p>\n\n\n\n<p>\u00abYo dir\u00eda que estoy dispuesto a rendirme en&nbsp;<strong>Gaza<\/strong>&#8230; simplemente para reiniciar la conversaci\u00f3n de paz\u00bb, escribi\u00f3 el&nbsp;<strong>Routh<\/strong>, de&nbsp;<strong>58<\/strong>a\u00f1os, en una&nbsp;<strong>carta<\/strong>&nbsp;mecanografiada de<strong>&nbsp;<\/strong>dos p\u00e1ginas, cuya autenticidad ha sido confirmada por su hija,&nbsp;<strong>Sara Routh<\/strong>, al diario&nbsp;<strong>New York Post<\/strong>.<\/p>\n\n\n\n<p>En la carta, el hombre mostr\u00f3 admiraci\u00f3n por&nbsp;<strong>Alexander Hamilton<\/strong>, primer secretario del Tesoro de los Estados Unidos de&nbsp;<strong>1789<\/strong>&nbsp;a&nbsp;<strong>1995<\/strong>, y dijo que \u00e9l y otros \u201cbuenos samaritanos\u201d podr\u00edan tomar el lugar de los rehenes de Israel para restablecer la paz.<\/p>\n\n\n\n<p>Pese a que a\u00a0<strong>Routh<\/strong>\u00a0se le acus\u00f3 el pasado\u00a0<strong>30 de septiembre<\/strong>\u00a0de\u00a0<strong>cinco cargos<\/strong>, entre ellos el intento de asesinato del\u00a0<strong>candidato presidencial<\/strong>, posesi\u00f3n de un arma de fuego para cometer un delito y agresi\u00f3n a un funcionario federal, este neg\u00f3 su culpabilidad.<br>Tan solo entre el primer y segundo delito la pena\u00a0<strong>20 a\u00f1os<\/strong>\u00a0de c\u00e1rcel.<\/p>\n\n\n\n<p>Estas acusaciones se dieron luego de que al acusado se le encontr\u00f3 el&nbsp;<strong>15 de septiembre<\/strong>&nbsp;en un campo de golf del presidente&nbsp;<strong>Trump<\/strong>&nbsp;en&nbsp;<strong>Florida<\/strong>, donde un agente del&nbsp;<strong>Servicio Secreto<\/strong>&nbsp;lo descubri\u00f3 con un rifle semiautom\u00e1tico escondido de unos arbustos. No est\u00e1 claro si logr\u00f3 disparar alg\u00fan tiro.<\/p>\n\n\n\n<p>Routh intent\u00f3 huir, pero fue atrapado ese mismo d\u00eda.<\/p>\n\n\n\n<p><strong>El juicio contra Routh<\/strong><br><strong>Ryan Routh<\/strong>&nbsp;ten\u00eda un juicio programado para este&nbsp;<strong>10 de febrero<\/strong>; sin embargo, su defensa logr\u00f3 que la magistrada federal,&nbsp;<strong>Aileen Cannon<\/strong>, aplazara la fecha del juicio hasta el&nbsp;<strong>8 de septiembre<\/strong>&nbsp;de 2025<\/p>\n\n\n\n<h2 class=\"wp-block-heading\"><strong>\u00bfQui\u00e9n es Ryan Routh?<\/strong><\/h2>\n\n\n\n<p>Seg\u00fan&nbsp;<strong>medios estadounidenses<\/strong>&nbsp;informan que&nbsp;<strong>Routh<\/strong>&nbsp;es un contratista de construcci\u00f3n de techos de&nbsp;<strong>Carolina del Norte<\/strong>&nbsp;con antecedentes penales.<\/p>\n\n\n\n<p>En su localidad era conocido como un reclutador que atra\u00eda extranjeros luchar en las fuerzas armadas de Ucrania, as\u00ed lo dijo\u00a0<strong>Chris Lutz<\/strong>, trabajador humanitario de ayuda\u00a0<strong>Phoenix.<\/strong><br>\u00abMe encontr\u00e9 con Ryan varias veces&#8230; Ryan intentaba ponerse en contacto con todo el mundo que hablaba ingl\u00e9s. Era un tipo omnipresente\u00bb, expres\u00f3 Lutz a la\u00a0<strong>BBC<\/strong>.<\/p>\n","protected":false},"excerpt":{"rendered":"<p>Ryan Routh,\u00a0el hombre al que se le acus\u00f3 de intento de asesinato del presidente\u00a0Donald Trump, cuando este era candidato en\u00a02017, ofreci\u00f3 en una carta ser reh\u00e9n de\u00a0Ham\u00e1s\u00a0a cambio de la\u00a0liberaci\u00f3n\u00a0de los rehenes israel\u00edes, para acabar con el\u00a0conflicto armado. \u00abYo dir\u00eda que estoy dispuesto a rendirme en&nbsp;Gaza&#8230; simplemente para reiniciar la conversaci\u00f3n de paz\u00bb, escribi\u00f3 el&nbsp;Routh, [&hellip;]<\/p>\n","protected":false},"author":4,"featured_media":58509,"comment_status":"open","ping_status":"open","sticky":false,"template":"","format":"standard","meta":{"om_disable_all_campaigns":false,"_monsterinsights_skip_tracking":false,"_monsterinsights_sitenote_active":false,"_monsterinsights_sitenote_note":"","_monsterinsights_sitenote_category":0,"footnotes":""},"categories":[183],"tags":[],"class_list":["post-58508","post","type-post","status-publish","format-standard","has-post-thumbnail","hentry","category-internacional"],"amp_enabled":true,"_links":{"self":[{"href":"https:\/\/lahora.mx\/index.php\/wp-json\/wp\/v2\/posts\/58508","targetHints":{"allow":["GET"]}}],"collection":[{"href":"https:\/\/lahora.mx\/index.php\/wp-json\/wp\/v2\/posts"}],"about":[{"href":"https:\/\/lahora.mx\/index.php\/wp-json\/wp\/v2\/types\/post"}],"author":[{"embeddable":true,"href":"https:\/\/lahora.mx\/index.php\/wp-json\/wp\/v2\/users\/4"}],"replies":[{"embeddable":true,"href":"https:\/\/lahora.mx\/index.php\/wp-json\/wp\/v2\/comments?post=58508"}],"version-history":[{"count":1,"href":"https:\/\/lahora.mx\/index.php\/wp-json\/wp\/v2\/posts\/58508\/revisions"}],"predecessor-version":[{"id":58510,"href":"https:\/\/lahora.mx\/index.php\/wp-json\/wp\/v2\/posts\/58508\/revisions\/58510"}],"wp:featuredmedia":[{"embeddable":true,"href":"https:\/\/lahora.mx\/index.php\/wp-json\/wp\/v2\/media\/58509"}],"wp:attachment":[{"href":"https:\/\/lahora.mx\/index.php\/wp-json\/wp\/v2\/media?parent=58508"}],"wp:term":[{"taxonomy":"category","embeddable":true,"href":"https:\/\/lahora.mx\/index.php\/wp-json\/wp\/v2\/categories?post=58508"},{"taxonomy":"post_tag","embeddable":true,"href":"https:\/\/lahora.mx\/index.php\/wp-json\/wp\/v2\/tags?post=58508"}],"curies":[{"name":"wp","href":"https:\/\/api.w.org\/{rel}","templated":true}]}}