{"id":58496,"date":"2025-02-11T01:43:41","date_gmt":"2025-02-11T01:43:41","guid":{"rendered":"https:\/\/lahora.mx\/?p=58496"},"modified":"2025-02-11T01:44:30","modified_gmt":"2025-02-11T01:44:30","slug":"encuentro-cinematografico-en-el-ccu-junto-a-marie-benito-cineasta-francesa","status":"publish","type":"post","link":"https:\/\/lahora.mx\/index.php\/2025\/02\/11\/encuentro-cinematografico-en-el-ccu-junto-a-marie-benito-cineasta-francesa\/","title":{"rendered":"Encuentro cinematogr\u00e1fico en el CCU junto a Marie Benito cineasta francesa"},"content":{"rendered":"\n<p>Un acercamiento al desarrollo del cine se realizar\u00e1 esta semana en la sala 1 de Cine de Arte del Complejo Cultural Universitario (<strong>CCU-BUAP<\/strong>) con la presencia de la cineasta francesa&nbsp;<strong>Marie Benito<\/strong>.<\/p>\n\n\n\n<p>La actividad titulada \u201c<strong>Encuentro Cinematogr\u00e1fico<\/strong>\u201d en el que participar\u00e1 la directora de cine se realizar\u00e1 el mi\u00e9rcoles 12 de febrero a partir de las 10:15 horas con acceso gratuito.<br>Durante este encuentro se dar\u00e1 inicio con el\u00a0<strong>visionado<\/strong>\u00a0de la pel\u00edcula \u201c<strong>D\u00edas Borrosos<\/strong>\u201d dirigida por\u00a0<strong>Marie Benito<\/strong>, la cual se estren\u00f3 en 2022.<br>Se trata de una cinta en la que se presenta la&nbsp;<strong>historia de Emilia<\/strong>, una bi\u00f3loga soltera que desea quedar embarazada, al mudarse conoce a Felipe y sus caminos se unen creando una singular amistad donde llegan a cuestionarse la vida y la muerte.<\/p>\n\n\n\n<p>Al finalizar el an\u00e1lisis de la \u00f3pera prima de la&nbsp;<strong>cineasta Marie Benito<\/strong>&nbsp;se realizar\u00e1 una charla con los asistentes.<\/p>\n\n\n\n<h2 class=\"wp-block-heading\"><strong>\u00bfQui\u00e9n es Marie Benito?&nbsp;<\/strong><\/h2>\n\n\n\n<p>Marie Benito es una cineasta de nacionalidad francesa que desde 2002 vive en la Ciudad de M\u00e9xico y en 2009 se gradu\u00f3 del\u00a0<strong>Centro de Capacitaci\u00f3n Cinematogr\u00e1fica<\/strong>\u00a0(CCC).<br>Se especializ\u00f3 en direcci\u00f3n con el cortometraje Stella Maris, en 2008 particip\u00f3 en el Talent Campus de la Berlinale.<\/p>\n\n\n\n<p>El primer cortometraje que realiz\u00f3 \u201c<strong>El deseo<\/strong>\u201d form\u00f3 parte de la selecci\u00f3n oficial del Festival de Cannes 2008 y gan\u00f3&nbsp;<strong>el premio Abrazo<\/strong>&nbsp;a Mejor Cortometraje latinoamericano en el Festival de Biarritz.<\/p>\n\n\n\n<p>Mientras que\u00a0<strong>D\u00edas Borrosos<\/strong>\u00a0se estren\u00f3 en el\u00a0<strong>Festival Internacional de Cine de Morelia<\/strong>\u00a02022.\u00a0<br>Se especializ\u00f3 en direcci\u00f3n con el cortometraje Stella Maris, en 2008 particip\u00f3 en el Talent Campus de la Berlinale.<\/p>\n\n\n\n<p>El primer cortometraje que realiz\u00f3 \u201c<strong>El deseo<\/strong>\u201d form\u00f3 parte de la selecci\u00f3n oficial del Festival de Cannes 2008 y gan\u00f3&nbsp;<strong>el premio Abrazo<\/strong>&nbsp;a Mejor Cortometraje latinoamericano en el Festival de Biarritz.<\/p>\n\n\n\n<p>Mientras que&nbsp;<strong>D\u00edas Borrosos<\/strong>&nbsp;se estren\u00f3 en el&nbsp;<strong>Festival Internacional de Cine de Morelia<\/strong>&nbsp;2022.&nbsp;<\/p>\n","protected":false},"excerpt":{"rendered":"<p>Un acercamiento al desarrollo del cine se realizar\u00e1 esta semana en la sala 1 de Cine de Arte del Complejo Cultural Universitario (CCU-BUAP) con la presencia de la cineasta francesa&nbsp;Marie Benito. La actividad titulada \u201cEncuentro Cinematogr\u00e1fico\u201d en el que participar\u00e1 la directora de cine se realizar\u00e1 el mi\u00e9rcoles 12 de febrero a partir de las [&hellip;]<\/p>\n","protected":false},"author":4,"featured_media":58497,"comment_status":"open","ping_status":"open","sticky":false,"template":"","format":"standard","meta":{"om_disable_all_campaigns":false,"_monsterinsights_skip_tracking":false,"_monsterinsights_sitenote_active":false,"_monsterinsights_sitenote_note":"","_monsterinsights_sitenote_category":0,"footnotes":""},"categories":[175],"tags":[186,223],"class_list":["post-58496","post","type-post","status-publish","format-standard","has-post-thumbnail","hentry","category-local","tag-buap","tag-puebla"],"amp_enabled":true,"_links":{"self":[{"href":"https:\/\/lahora.mx\/index.php\/wp-json\/wp\/v2\/posts\/58496","targetHints":{"allow":["GET"]}}],"collection":[{"href":"https:\/\/lahora.mx\/index.php\/wp-json\/wp\/v2\/posts"}],"about":[{"href":"https:\/\/lahora.mx\/index.php\/wp-json\/wp\/v2\/types\/post"}],"author":[{"embeddable":true,"href":"https:\/\/lahora.mx\/index.php\/wp-json\/wp\/v2\/users\/4"}],"replies":[{"embeddable":true,"href":"https:\/\/lahora.mx\/index.php\/wp-json\/wp\/v2\/comments?post=58496"}],"version-history":[{"count":1,"href":"https:\/\/lahora.mx\/index.php\/wp-json\/wp\/v2\/posts\/58496\/revisions"}],"predecessor-version":[{"id":58498,"href":"https:\/\/lahora.mx\/index.php\/wp-json\/wp\/v2\/posts\/58496\/revisions\/58498"}],"wp:featuredmedia":[{"embeddable":true,"href":"https:\/\/lahora.mx\/index.php\/wp-json\/wp\/v2\/media\/58497"}],"wp:attachment":[{"href":"https:\/\/lahora.mx\/index.php\/wp-json\/wp\/v2\/media?parent=58496"}],"wp:term":[{"taxonomy":"category","embeddable":true,"href":"https:\/\/lahora.mx\/index.php\/wp-json\/wp\/v2\/categories?post=58496"},{"taxonomy":"post_tag","embeddable":true,"href":"https:\/\/lahora.mx\/index.php\/wp-json\/wp\/v2\/tags?post=58496"}],"curies":[{"name":"wp","href":"https:\/\/api.w.org\/{rel}","templated":true}]}}