{"id":58463,"date":"2025-02-10T16:53:45","date_gmt":"2025-02-10T16:53:45","guid":{"rendered":"https:\/\/lahora.mx\/?p=58463"},"modified":"2025-02-10T16:53:45","modified_gmt":"2025-02-10T16:53:45","slug":"otro-caso-de-acoso-de-docentes-contra-alumnas-en-primaria-de-puebla","status":"publish","type":"post","link":"https:\/\/lahora.mx\/index.php\/2025\/02\/10\/otro-caso-de-acoso-de-docentes-contra-alumnas-en-primaria-de-puebla\/","title":{"rendered":"Otro caso de acoso de docentes contra alumnas en primaria de Puebla"},"content":{"rendered":"\n<p>Por&nbsp;<strong>actos de acoso<\/strong>, mala administraci\u00f3n y encubrimiento del comit\u00e9 general, padres de estudiantes de la&nbsp;<strong>primaria Revoluci\u00f3n Mexicana<\/strong>impidieron el acceso y se manifestaron afuera de la escuela ubicada en la ciudad de&nbsp;<strong>Puebla<\/strong>.<\/p>\n\n\n\n<p>La madrugada de hoy madres colocaron fotograf\u00edas para denunciar acciones de hostigamiento contra alumnas de\u00a0<strong>segundo grado<\/strong>\u00a0en la reja de entrada de la primaria, ubicada en la\u00a0<strong>avenida 94 Poniente<\/strong>, de la\u00a0colonia Revoluci\u00f3n Mexican. <\/p>\n\n\n\n<p>Mientras una parte de los manifestantes hablaba con&nbsp;<strong>polic\u00edas municipales&nbsp;<\/strong>que llegaron al sitio, un grupo de&nbsp;<strong>padres de familia<\/strong>se ubicaron afuera de la&nbsp;<strong>primaria<\/strong>&nbsp;con pancartas que se\u00f1alaban al profesor&nbsp;<strong>Luis<\/strong>&nbsp;de&nbsp;<strong>fotografiar a sus hijas<\/strong>.<\/p>\n","protected":false},"excerpt":{"rendered":"<p>Por&nbsp;actos de acoso, mala administraci\u00f3n y encubrimiento del comit\u00e9 general, padres de estudiantes de la&nbsp;primaria Revoluci\u00f3n Mexicanaimpidieron el acceso y se manifestaron afuera de la escuela ubicada en la ciudad de&nbsp;Puebla. La madrugada de hoy madres colocaron fotograf\u00edas para denunciar acciones de hostigamiento contra alumnas de\u00a0segundo grado\u00a0en la reja de entrada de la primaria, ubicada [&hellip;]<\/p>\n","protected":false},"author":4,"featured_media":58464,"comment_status":"open","ping_status":"open","sticky":false,"template":"","format":"standard","meta":{"om_disable_all_campaigns":false,"_monsterinsights_skip_tracking":false,"_monsterinsights_sitenote_active":false,"_monsterinsights_sitenote_note":"","_monsterinsights_sitenote_category":0,"footnotes":""},"categories":[175,226],"tags":[223],"class_list":["post-58463","post","type-post","status-publish","format-standard","has-post-thumbnail","hentry","category-local","category-policia","tag-puebla"],"amp_enabled":true,"_links":{"self":[{"href":"https:\/\/lahora.mx\/index.php\/wp-json\/wp\/v2\/posts\/58463","targetHints":{"allow":["GET"]}}],"collection":[{"href":"https:\/\/lahora.mx\/index.php\/wp-json\/wp\/v2\/posts"}],"about":[{"href":"https:\/\/lahora.mx\/index.php\/wp-json\/wp\/v2\/types\/post"}],"author":[{"embeddable":true,"href":"https:\/\/lahora.mx\/index.php\/wp-json\/wp\/v2\/users\/4"}],"replies":[{"embeddable":true,"href":"https:\/\/lahora.mx\/index.php\/wp-json\/wp\/v2\/comments?post=58463"}],"version-history":[{"count":1,"href":"https:\/\/lahora.mx\/index.php\/wp-json\/wp\/v2\/posts\/58463\/revisions"}],"predecessor-version":[{"id":58465,"href":"https:\/\/lahora.mx\/index.php\/wp-json\/wp\/v2\/posts\/58463\/revisions\/58465"}],"wp:featuredmedia":[{"embeddable":true,"href":"https:\/\/lahora.mx\/index.php\/wp-json\/wp\/v2\/media\/58464"}],"wp:attachment":[{"href":"https:\/\/lahora.mx\/index.php\/wp-json\/wp\/v2\/media?parent=58463"}],"wp:term":[{"taxonomy":"category","embeddable":true,"href":"https:\/\/lahora.mx\/index.php\/wp-json\/wp\/v2\/categories?post=58463"},{"taxonomy":"post_tag","embeddable":true,"href":"https:\/\/lahora.mx\/index.php\/wp-json\/wp\/v2\/tags?post=58463"}],"curies":[{"name":"wp","href":"https:\/\/api.w.org\/{rel}","templated":true}]}}